
			
				

					
				

			
		{"items":"\n\t\t\t\t\t\t\t\t\t\t\t\t\t\t<link rel=\"stylesheet\" id=\"wd-post-types-mod-categories-style-bg-css\" href=\"https:\/\/www.borashockey.se\/wp-content\/themes\/woodmart\/css\/parts\/post-types-mod-categories-style-bg.min.css?ver=8.2.7\" type=\"text\/css\" media=\"all\" \/> \t\t\t\n<article id=\"post-29280\" class=\"wd-post blog-design-default blog-post-loop blog-style-bg wd-add-shadow wd-col post-29280 post type-post status-publish format-standard has-post-thumbnail hentry category-a-lag category-nyheter\">\n\t<div class=\"wd-post-inner article-inner\">\n\t\t\t\t\t<div class=\"wd-post-thumb entry-header\">\n\t\t\t\t\t\t\t\t\t<div class=\"wd-post-img post-img-wrapp\">\n\t\t\t\t\t\t<img width=\"1024\" height=\"576\" src=\"https:\/\/www.borashockey.se\/wp-content\/uploads\/2025\/10\/IMG_5805-1024x576.jpeg\" class=\"attachment-large size-large\" alt=\"\" decoding=\"async\" fetchpriority=\"high\" srcset=\"https:\/\/www.borashockey.se\/wp-content\/uploads\/2025\/10\/IMG_5805-1024x576.jpeg 1024w, https:\/\/www.borashockey.se\/wp-content\/uploads\/2025\/10\/IMG_5805-550x309.jpeg 550w, https:\/\/www.borashockey.se\/wp-content\/uploads\/2025\/10\/IMG_5805-768x432.jpeg 768w, https:\/\/www.borashockey.se\/wp-content\/uploads\/2025\/10\/IMG_5805-1536x864.jpeg 1536w, https:\/\/www.borashockey.se\/wp-content\/uploads\/2025\/10\/IMG_5805-scaled.jpeg 2048w, https:\/\/www.borashockey.se\/wp-content\/uploads\/2025\/10\/IMG_5805-600x338.jpeg 600w, https:\/\/www.borashockey.se\/wp-content\/uploads\/2025\/10\/IMG_5805-1200x675.jpeg 1200w, https:\/\/www.borashockey.se\/wp-content\/uploads\/2025\/10\/IMG_5805-150x84.jpeg 150w\" sizes=\"(max-width: 1024px) 100vw, 1024px\" \/>\t\t\t\t\t<\/div>\n\t\t\t\t\t<a class=\"wd-fill\" href=\"https:\/\/www.borashockey.se\/nyheter\/infor-oktoberfest-game\/\"><\/a>\n\t\t\t\t\n\t\t\t\t\t\t\t\t\t\t\t\t<link rel=\"stylesheet\" id=\"wd-post-types-mod-date-style-bg-css\" href=\"https:\/\/www.borashockey.se\/wp-content\/themes\/woodmart\/css\/parts\/post-types-mod-date-style-bg.min.css?ver=8.2.7\" type=\"text\/css\" media=\"all\" \/> \t\t\t\t\t\t<div class=\"wd-post-date wd-style-with-bg\">\n\t\t\t\t<span class=\"post-date-day\">\n\t\t\t\t\t17\t\t\t\t<\/span>\n\t\t\t\t<span class=\"post-date-month\">\n\t\t\t\t\tokt\t\t\t\t<\/span>\n\t\t\t<\/div>\n\t\t\t\t\t\t\t\t\t<\/div>\n\t\t\n\t\t<div class=\"wd-post-content article-body-container\">\n\t\t\t\t\t\t\t<div class=\"wd-post-cat wd-style-with-bg meta-post-categories\">\n\t\t\t\t\t<a href=\"https:\/\/www.borashockey.se\/category\/a-lag\/\" rel=\"category tag\">A-Lag<\/a>, <a href=\"https:\/\/www.borashockey.se\/category\/nyheter\/\" rel=\"category tag\">Klubbnyheter<\/a>\t\t\t\t<\/div>\n\t\t\t\n\t\t\t\t\t\t\t<h3 class=\"wd-post-title wd-entities-title title post-title\">\n\t\t\t\t\t<a href=\"https:\/\/www.borashockey.se\/nyheter\/infor-oktoberfest-game\/\" rel=\"bookmark\">Inf\u00f6r \u201dOKTOBERFEST\u201d GAME!<\/a>\n\t\t\t\t<\/h3>\n\t\t\t\n\t\t\t\t\t\t\t<div class=\"wd-post-meta\">\n\t\t\t\t\t\t\t\t\t\t\t\t\t<link rel=\"stylesheet\" id=\"wd-blog-mod-author-css\" href=\"https:\/\/www.borashockey.se\/wp-content\/themes\/woodmart\/css\/parts\/blog-mod-author.min.css?ver=8.2.7\" type=\"text\/css\" media=\"all\" \/> \t\t\t\t\t\t\t\t<div class=\"wd-post-author\">\n\t\t\t\t\t\t\t\t\t\t\t<span>Postat av<\/span>\n\t\t\n\t\t\t\t\t<img alt='author-avatar' src='https:\/\/secure.gravatar.com\/avatar\/dccacba083d8660da447ece9932da1a85ba9dcd1dd571800cb1478dbf909aa89?s=18&#038;d=mm&#038;r=g' srcset='https:\/\/secure.gravatar.com\/avatar\/dccacba083d8660da447ece9932da1a85ba9dcd1dd571800cb1478dbf909aa89?s=36&#038;d=mm&#038;r=g 2x' class='avatar avatar-18 photo' height='18' width='18' decoding='async'\/>\t\t\n\t\t\t\t\t<a href=\"https:\/\/www.borashockey.se\/author\/media-borashockeygmail-com\/\" class=\"author\" rel=\"author\">Josefine Gustavsson<\/a>\n\t\t\t\t\t\t\t\t\t<\/div>\n\t\t\t\t\t<div class=\"wd-modified-date\">\n\t\t\t\t\t\t\t\t<time class=\"updated\" datetime=\"2025-10-17T13:20:40+02:00\">\n\t\t\t2025-10-17\t\t<\/time>\n\t\t\t\t\t\t\t<\/div>\n\n\t\t\t\t\t\t\t\t\t\t\t<div class=\"wd-post-share wd-tltp\">\n\t\t\t\t\t\t\t<div class=\"tooltip top\">\n\t\t\t\t\t\t\t\t<div class=\"tooltip-inner\">\n\t\t\t\t\t\t\t\t\t\t\t\t<link rel=\"stylesheet\" id=\"wd-social-icons-css\" href=\"https:\/\/www.borashockey.se\/wp-content\/themes\/woodmart\/css\/parts\/el-social-icons.min.css?ver=8.2.7\" type=\"text\/css\" media=\"all\" \/> \t\t\t\t\t\t<div\n\t\t\t\t\t\tclass=\" wd-social-icons  wd-style-default wd-size-small social-share wd-shape-circle color-scheme-light text-center\">\n\t\t\t\t\n\t\t\t\t\n\t\t\t\t\t\t\t\t\t<a rel=\"noopener noreferrer nofollow\" href=\"https:\/\/www.facebook.com\/sharer\/sharer.php?u=https:\/\/www.borashockey.se\/nyheter\/infor-oktoberfest-game\/\" target=\"_blank\" class=\" wd-social-icon social-facebook\" aria-label=\"Facebook social link\">\n\t\t\t\t\t\t<span class=\"wd-icon\"><\/span>\n\t\t\t\t\t\t\t\t\t\t\t<\/a>\n\t\t\t\t\n\t\t\t\t\t\t\t\t\t<a rel=\"noopener noreferrer nofollow\" href=\"https:\/\/x.com\/share?url=https:\/\/www.borashockey.se\/nyheter\/infor-oktoberfest-game\/\" target=\"_blank\" class=\" wd-social-icon social-twitter\" aria-label=\"X social link\">\n\t\t\t\t\t\t<span class=\"wd-icon\"><\/span>\n\t\t\t\t\t\t\t\t\t\t\t<\/a>\n\t\t\t\t\n\t\t\t\t\n\t\t\t\t\t\t\t\t\t<a rel=\"noopener noreferrer nofollow\" href=\"mailto:?subject=Kolla%20detta%20https:\/\/www.borashockey.se\/nyheter\/infor-oktoberfest-game\/\" target=\"_blank\" class=\" wd-social-icon social-email\" aria-label=\"Email social link\">\n\t\t\t\t\t\t<span class=\"wd-icon\"><\/span>\n\t\t\t\t\t\t\t\t\t\t\t<\/a>\n\t\t\t\t\n\t\t\t\t\n\t\t\t\t\n\t\t\t\t\n\t\t\t\t\n\t\t\t\t\n\t\t\t\t\n\t\t\t\t\n\t\t\t\t\n\t\t\t\t\n\t\t\t\t\n\t\t\t\t\n\t\t\t\t\n\t\t\t\t\n\t\t\t\t\n\t\t\t\t\n\t\t\t\t\n\t\t\t\t\n\t\t\t\t\n\t\t\t\t\n\t\t\t\t\n\t\t\t\t\n\t\t\t\t\n\t\t\t<\/div>\n\n\t\t\t\t\t\t\t\t\t\t<\/div>\n\t\t\t\t\t\t\t\t<div class=\"tooltip-arrow\"><\/div>\n\t\t\t\t\t\t\t<\/div>\n\t\t\t\t\t\t<\/div>\n\t\t\t\t\t\n\t\t\t\t\t\t\t\t\t<\/div>\n\t\t\t\n\t\t\t\t\t\t\t\t\t\t\t\t<div class=\"wd-post-excerpt entry-content\">\n\t\t\t\t\t\tIkv\u00e4ll \u00e4r det \u00e4ntligen dags f\u00f6r hemmamatch igen med temat Oktoberfest n\u00e4r Halmstad Hammers g\u00e4star!\r\nVad du kan...\t\t\t\t\t<\/div>\n\t\t\t\t\n\t\t\t\t\t\t\t\t\t\t\t\t\t\t<div class=\"wd-post-read-more wd-style-link read-more-section\">\n\t\t\t\t\t\t<a class=\"\" href=\"https:\/\/www.borashockey.se\/nyheter\/infor-oktoberfest-game\/\">Forts\u00e4tt l\u00e4sa<\/a>\t\t\t\t\t<\/div>\n\t\t\t\t\t\t\t\t\t\t\t\t\t<\/div>\n\t<\/div>\n<\/article>\n\n\t\t\t\t\t\t\t\t\t\t\t\n<article id=\"post-29228\" class=\"wd-post blog-design-default blog-post-loop blog-style-bg wd-add-shadow wd-col post-29228 post type-post status-publish format-standard has-post-thumbnail hentry category-a-lag category-nyheter\">\n\t<div class=\"wd-post-inner article-inner\">\n\t\t\t\t\t<div class=\"wd-post-thumb entry-header\">\n\t\t\t\t\t\t\t\t\t<div class=\"wd-post-img post-img-wrapp\">\n\t\t\t\t\t\t<img width=\"1024\" height=\"576\" src=\"https:\/\/www.borashockey.se\/wp-content\/uploads\/2025\/10\/IMG_5619-1024x576.jpeg\" class=\"attachment-large size-large\" alt=\"\" decoding=\"async\" srcset=\"https:\/\/www.borashockey.se\/wp-content\/uploads\/2025\/10\/IMG_5619-1024x576.jpeg 1024w, https:\/\/www.borashockey.se\/wp-content\/uploads\/2025\/10\/IMG_5619-550x309.jpeg 550w, https:\/\/www.borashockey.se\/wp-content\/uploads\/2025\/10\/IMG_5619-768x432.jpeg 768w, https:\/\/www.borashockey.se\/wp-content\/uploads\/2025\/10\/IMG_5619-1536x864.jpeg 1536w, https:\/\/www.borashockey.se\/wp-content\/uploads\/2025\/10\/IMG_5619-scaled.jpeg 2048w, https:\/\/www.borashockey.se\/wp-content\/uploads\/2025\/10\/IMG_5619-600x338.jpeg 600w, https:\/\/www.borashockey.se\/wp-content\/uploads\/2025\/10\/IMG_5619-1200x675.jpeg 1200w, https:\/\/www.borashockey.se\/wp-content\/uploads\/2025\/10\/IMG_5619-150x84.jpeg 150w\" sizes=\"(max-width: 1024px) 100vw, 1024px\" \/>\t\t\t\t\t<\/div>\n\t\t\t\t\t<a class=\"wd-fill\" href=\"https:\/\/www.borashockey.se\/nyheter\/infor-helgens-matcher\/\"><\/a>\n\t\t\t\t\n\t\t\t\t\t\t\t\t\t\t\t\t<div class=\"wd-post-date wd-style-with-bg\">\n\t\t\t\t<span class=\"post-date-day\">\n\t\t\t\t\t11\t\t\t\t<\/span>\n\t\t\t\t<span class=\"post-date-month\">\n\t\t\t\t\tokt\t\t\t\t<\/span>\n\t\t\t<\/div>\n\t\t\t\t\t\t\t\t\t<\/div>\n\t\t\n\t\t<div class=\"wd-post-content article-body-container\">\n\t\t\t\t\t\t\t<div class=\"wd-post-cat wd-style-with-bg meta-post-categories\">\n\t\t\t\t\t<a href=\"https:\/\/www.borashockey.se\/category\/a-lag\/\" rel=\"category tag\">A-Lag<\/a>, <a href=\"https:\/\/www.borashockey.se\/category\/nyheter\/\" rel=\"category tag\">Klubbnyheter<\/a>\t\t\t\t<\/div>\n\t\t\t\n\t\t\t\t\t\t\t<h3 class=\"wd-post-title wd-entities-title title post-title\">\n\t\t\t\t\t<a href=\"https:\/\/www.borashockey.se\/nyheter\/infor-helgens-matcher\/\" rel=\"bookmark\">Inf\u00f6r helgens matcher!<\/a>\n\t\t\t\t<\/h3>\n\t\t\t\n\t\t\t\t\t\t\t<div class=\"wd-post-meta\">\n\t\t\t\t\t\t\t\t\t\t\t\t\t\t\t<div class=\"wd-post-author\">\n\t\t\t\t\t\t\t\t\t\t\t<span>Postat av<\/span>\n\t\t\n\t\t\t\t\t<img alt='author-avatar' src='https:\/\/secure.gravatar.com\/avatar\/dccacba083d8660da447ece9932da1a85ba9dcd1dd571800cb1478dbf909aa89?s=18&#038;d=mm&#038;r=g' srcset='https:\/\/secure.gravatar.com\/avatar\/dccacba083d8660da447ece9932da1a85ba9dcd1dd571800cb1478dbf909aa89?s=36&#038;d=mm&#038;r=g 2x' class='avatar avatar-18 photo' height='18' width='18' decoding='async'\/>\t\t\n\t\t\t\t\t<a href=\"https:\/\/www.borashockey.se\/author\/media-borashockeygmail-com\/\" class=\"author\" rel=\"author\">Josefine Gustavsson<\/a>\n\t\t\t\t\t\t\t\t\t<\/div>\n\t\t\t\t\t<div class=\"wd-modified-date\">\n\t\t\t\t\t\t\t\t<time class=\"updated\" datetime=\"2025-10-11T11:43:31+02:00\">\n\t\t\t2025-10-11\t\t<\/time>\n\t\t\t\t\t\t\t<\/div>\n\n\t\t\t\t\t\t\t\t\t\t\t<div class=\"wd-post-share wd-tltp\">\n\t\t\t\t\t\t\t<div class=\"tooltip top\">\n\t\t\t\t\t\t\t\t<div class=\"tooltip-inner\">\n\t\t\t\t\t\t\t\t\t\t\t\t<div\n\t\t\t\t\t\tclass=\" wd-social-icons  wd-style-default wd-size-small social-share wd-shape-circle color-scheme-light text-center\">\n\t\t\t\t\n\t\t\t\t\n\t\t\t\t\t\t\t\t\t<a rel=\"noopener noreferrer nofollow\" href=\"https:\/\/www.facebook.com\/sharer\/sharer.php?u=https:\/\/www.borashockey.se\/nyheter\/infor-helgens-matcher\/\" target=\"_blank\" class=\" wd-social-icon social-facebook\" aria-label=\"Facebook social link\">\n\t\t\t\t\t\t<span class=\"wd-icon\"><\/span>\n\t\t\t\t\t\t\t\t\t\t\t<\/a>\n\t\t\t\t\n\t\t\t\t\t\t\t\t\t<a rel=\"noopener noreferrer nofollow\" href=\"https:\/\/x.com\/share?url=https:\/\/www.borashockey.se\/nyheter\/infor-helgens-matcher\/\" target=\"_blank\" class=\" wd-social-icon social-twitter\" aria-label=\"X social link\">\n\t\t\t\t\t\t<span class=\"wd-icon\"><\/span>\n\t\t\t\t\t\t\t\t\t\t\t<\/a>\n\t\t\t\t\n\t\t\t\t\n\t\t\t\t\t\t\t\t\t<a rel=\"noopener noreferrer nofollow\" href=\"mailto:?subject=Kolla%20detta%20https:\/\/www.borashockey.se\/nyheter\/infor-helgens-matcher\/\" target=\"_blank\" class=\" wd-social-icon social-email\" aria-label=\"Email social link\">\n\t\t\t\t\t\t<span class=\"wd-icon\"><\/span>\n\t\t\t\t\t\t\t\t\t\t\t<\/a>\n\t\t\t\t\n\t\t\t\t\n\t\t\t\t\n\t\t\t\t\n\t\t\t\t\n\t\t\t\t\n\t\t\t\t\n\t\t\t\t\n\t\t\t\t\n\t\t\t\t\n\t\t\t\t\n\t\t\t\t\n\t\t\t\t\n\t\t\t\t\n\t\t\t\t\n\t\t\t\t\n\t\t\t\t\n\t\t\t\t\n\t\t\t\t\n\t\t\t\t\n\t\t\t\t\n\t\t\t\t\n\t\t\t\t\n\t\t\t<\/div>\n\n\t\t\t\t\t\t\t\t\t\t<\/div>\n\t\t\t\t\t\t\t\t<div class=\"tooltip-arrow\"><\/div>\n\t\t\t\t\t\t\t<\/div>\n\t\t\t\t\t\t<\/div>\n\t\t\t\t\t\n\t\t\t\t\t\t\t\t\t<\/div>\n\t\t\t\n\t\t\t\t\t\t\t\t\t\t\t\t<div class=\"wd-post-excerpt entry-content\">\n\t\t\t\t\t\tNu \u00e4r det dags f\u00f6r en helg fylld av matcher! I eftermiddag inleder BHC sin bortaturn\u00e9 mot Hanviken, f\u00f6ljt av V...\t\t\t\t\t<\/div>\n\t\t\t\t\n\t\t\t\t\t\t\t\t\t\t\t\t\t\t<div class=\"wd-post-read-more wd-style-link read-more-section\">\n\t\t\t\t\t\t<a class=\"\" href=\"https:\/\/www.borashockey.se\/nyheter\/infor-helgens-matcher\/\">Forts\u00e4tt l\u00e4sa<\/a>\t\t\t\t\t<\/div>\n\t\t\t\t\t\t\t\t\t\t\t\t\t<\/div>\n\t<\/div>\n<\/article>\n\n\t\t\t\t\t\t\t\t\t\t\t\n<article id=\"post-29177\" class=\"wd-post blog-design-default blog-post-loop blog-style-bg wd-add-shadow wd-col post-29177 post type-post status-publish format-standard has-post-thumbnail hentry category-a-lag category-nyheter\">\n\t<div class=\"wd-post-inner article-inner\">\n\t\t\t\t\t<div class=\"wd-post-thumb entry-header\">\n\t\t\t\t\t\t\t\t\t<div class=\"wd-post-img post-img-wrapp\">\n\t\t\t\t\t\t<img width=\"1024\" height=\"576\" src=\"https:\/\/www.borashockey.se\/wp-content\/uploads\/2025\/10\/IMG_5458-1024x576.jpeg\" class=\"attachment-large size-large\" alt=\"\" decoding=\"async\" srcset=\"https:\/\/www.borashockey.se\/wp-content\/uploads\/2025\/10\/IMG_5458-1024x576.jpeg 1024w, https:\/\/www.borashockey.se\/wp-content\/uploads\/2025\/10\/IMG_5458-550x309.jpeg 550w, https:\/\/www.borashockey.se\/wp-content\/uploads\/2025\/10\/IMG_5458-768x432.jpeg 768w, https:\/\/www.borashockey.se\/wp-content\/uploads\/2025\/10\/IMG_5458-1536x864.jpeg 1536w, https:\/\/www.borashockey.se\/wp-content\/uploads\/2025\/10\/IMG_5458-600x338.jpeg 600w, https:\/\/www.borashockey.se\/wp-content\/uploads\/2025\/10\/IMG_5458-1200x675.jpeg 1200w, https:\/\/www.borashockey.se\/wp-content\/uploads\/2025\/10\/IMG_5458-150x84.jpeg 150w, https:\/\/www.borashockey.se\/wp-content\/uploads\/2025\/10\/IMG_5458.jpeg 1920w\" sizes=\"(max-width: 1024px) 100vw, 1024px\" \/>\t\t\t\t\t<\/div>\n\t\t\t\t\t<a class=\"wd-fill\" href=\"https:\/\/www.borashockey.se\/nyheter\/infor-boras-hockey-karlskrona-300-matcher-for-philip\/\"><\/a>\n\t\t\t\t\n\t\t\t\t\t\t\t\t\t\t\t\t<div class=\"wd-post-date wd-style-with-bg\">\n\t\t\t\t<span class=\"post-date-day\">\n\t\t\t\t\t04\t\t\t\t<\/span>\n\t\t\t\t<span class=\"post-date-month\">\n\t\t\t\t\tokt\t\t\t\t<\/span>\n\t\t\t<\/div>\n\t\t\t\t\t\t\t\t\t<\/div>\n\t\t\n\t\t<div class=\"wd-post-content article-body-container\">\n\t\t\t\t\t\t\t<div class=\"wd-post-cat wd-style-with-bg meta-post-categories\">\n\t\t\t\t\t<a href=\"https:\/\/www.borashockey.se\/category\/a-lag\/\" rel=\"category tag\">A-Lag<\/a>, <a href=\"https:\/\/www.borashockey.se\/category\/nyheter\/\" rel=\"category tag\">Klubbnyheter<\/a>\t\t\t\t<\/div>\n\t\t\t\n\t\t\t\t\t\t\t<h3 class=\"wd-post-title wd-entities-title title post-title\">\n\t\t\t\t\t<a href=\"https:\/\/www.borashockey.se\/nyheter\/infor-boras-hockey-karlskrona-300-matcher-for-philip\/\" rel=\"bookmark\">Inf\u00f6r Bor\u00e5s Hockey &#8211; Karlskrona \/ 300 matcher f\u00f6r Philip!<\/a>\n\t\t\t\t<\/h3>\n\t\t\t\n\t\t\t\t\t\t\t<div class=\"wd-post-meta\">\n\t\t\t\t\t\t\t\t\t\t\t\t\t\t\t<div class=\"wd-post-author\">\n\t\t\t\t\t\t\t\t\t\t\t<span>Postat av<\/span>\n\t\t\n\t\t\t\t\t<img alt='author-avatar' src='https:\/\/secure.gravatar.com\/avatar\/dccacba083d8660da447ece9932da1a85ba9dcd1dd571800cb1478dbf909aa89?s=18&#038;d=mm&#038;r=g' srcset='https:\/\/secure.gravatar.com\/avatar\/dccacba083d8660da447ece9932da1a85ba9dcd1dd571800cb1478dbf909aa89?s=36&#038;d=mm&#038;r=g 2x' class='avatar avatar-18 photo' height='18' width='18' decoding='async'\/>\t\t\n\t\t\t\t\t<a href=\"https:\/\/www.borashockey.se\/author\/media-borashockeygmail-com\/\" class=\"author\" rel=\"author\">Josefine Gustavsson<\/a>\n\t\t\t\t\t\t\t\t\t<\/div>\n\t\t\t\t\t<div class=\"wd-modified-date\">\n\t\t\t\t\t\t\t\t<time class=\"updated\" datetime=\"2025-10-04T15:17:58+02:00\">\n\t\t\t2025-10-04\t\t<\/time>\n\t\t\t\t\t\t\t<\/div>\n\n\t\t\t\t\t\t\t\t\t\t\t<div class=\"wd-post-share wd-tltp\">\n\t\t\t\t\t\t\t<div class=\"tooltip top\">\n\t\t\t\t\t\t\t\t<div class=\"tooltip-inner\">\n\t\t\t\t\t\t\t\t\t\t\t\t<div\n\t\t\t\t\t\tclass=\" wd-social-icons  wd-style-default wd-size-small social-share wd-shape-circle color-scheme-light text-center\">\n\t\t\t\t\n\t\t\t\t\n\t\t\t\t\t\t\t\t\t<a rel=\"noopener noreferrer nofollow\" href=\"https:\/\/www.facebook.com\/sharer\/sharer.php?u=https:\/\/www.borashockey.se\/nyheter\/infor-boras-hockey-karlskrona-300-matcher-for-philip\/\" target=\"_blank\" class=\" wd-social-icon social-facebook\" aria-label=\"Facebook social link\">\n\t\t\t\t\t\t<span class=\"wd-icon\"><\/span>\n\t\t\t\t\t\t\t\t\t\t\t<\/a>\n\t\t\t\t\n\t\t\t\t\t\t\t\t\t<a rel=\"noopener noreferrer nofollow\" href=\"https:\/\/x.com\/share?url=https:\/\/www.borashockey.se\/nyheter\/infor-boras-hockey-karlskrona-300-matcher-for-philip\/\" target=\"_blank\" class=\" wd-social-icon social-twitter\" aria-label=\"X social link\">\n\t\t\t\t\t\t<span class=\"wd-icon\"><\/span>\n\t\t\t\t\t\t\t\t\t\t\t<\/a>\n\t\t\t\t\n\t\t\t\t\n\t\t\t\t\t\t\t\t\t<a rel=\"noopener noreferrer nofollow\" href=\"mailto:?subject=Kolla%20detta%20https:\/\/www.borashockey.se\/nyheter\/infor-boras-hockey-karlskrona-300-matcher-for-philip\/\" target=\"_blank\" class=\" wd-social-icon social-email\" aria-label=\"Email social link\">\n\t\t\t\t\t\t<span class=\"wd-icon\"><\/span>\n\t\t\t\t\t\t\t\t\t\t\t<\/a>\n\t\t\t\t\n\t\t\t\t\n\t\t\t\t\n\t\t\t\t\n\t\t\t\t\n\t\t\t\t\n\t\t\t\t\n\t\t\t\t\n\t\t\t\t\n\t\t\t\t\n\t\t\t\t\n\t\t\t\t\n\t\t\t\t\n\t\t\t\t\n\t\t\t\t\n\t\t\t\t\n\t\t\t\t\n\t\t\t\t\n\t\t\t\t\n\t\t\t\t\n\t\t\t\t\n\t\t\t\t\n\t\t\t\t\n\t\t\t<\/div>\n\n\t\t\t\t\t\t\t\t\t\t<\/div>\n\t\t\t\t\t\t\t\t<div class=\"tooltip-arrow\"><\/div>\n\t\t\t\t\t\t\t<\/div>\n\t\t\t\t\t\t<\/div>\n\t\t\t\t\t\n\t\t\t\t\t\t\t\t\t<\/div>\n\t\t\t\n\t\t\t\t\t\t\t\t\t\t\t\t<div class=\"wd-post-excerpt entry-content\">\n\t\t\t\t\t\tInnan nedsl\u00e4pp under morgondagens match s\u00e5 kommer vi ha en hyllningsceremoni f\u00f6r v\u00e5r #26 Philip Svensson som g...\t\t\t\t\t<\/div>\n\t\t\t\t\n\t\t\t\t\t\t\t\t\t\t\t\t\t\t<div class=\"wd-post-read-more wd-style-link read-more-section\">\n\t\t\t\t\t\t<a class=\"\" href=\"https:\/\/www.borashockey.se\/nyheter\/infor-boras-hockey-karlskrona-300-matcher-for-philip\/\">Forts\u00e4tt l\u00e4sa<\/a>\t\t\t\t\t<\/div>\n\t\t\t\t\t\t\t\t\t\t\t\t\t<\/div>\n\t<\/div>\n<\/article>\n\n\t\t\t\t\t\t\t\t\t\t\t\n<article id=\"post-29150\" class=\"wd-post blog-design-default blog-post-loop blog-style-bg wd-add-shadow wd-col post-29150 post type-post status-publish format-standard has-post-thumbnail hentry category-a-lag category-nyheter\">\n\t<div class=\"wd-post-inner article-inner\">\n\t\t\t\t\t<div class=\"wd-post-thumb entry-header\">\n\t\t\t\t\t\t\t\t\t<div class=\"wd-post-img post-img-wrapp\">\n\t\t\t\t\t\t<img width=\"1024\" height=\"576\" src=\"https:\/\/www.borashockey.se\/wp-content\/uploads\/2025\/10\/IMG_5404-1024x576.jpeg\" class=\"attachment-large size-large\" alt=\"\" decoding=\"async\" srcset=\"https:\/\/www.borashockey.se\/wp-content\/uploads\/2025\/10\/IMG_5404-1024x576.jpeg 1024w, https:\/\/www.borashockey.se\/wp-content\/uploads\/2025\/10\/IMG_5404-550x309.jpeg 550w, https:\/\/www.borashockey.se\/wp-content\/uploads\/2025\/10\/IMG_5404-768x432.jpeg 768w, https:\/\/www.borashockey.se\/wp-content\/uploads\/2025\/10\/IMG_5404-1536x864.jpeg 1536w, https:\/\/www.borashockey.se\/wp-content\/uploads\/2025\/10\/IMG_5404-scaled.jpeg 2048w, https:\/\/www.borashockey.se\/wp-content\/uploads\/2025\/10\/IMG_5404-600x338.jpeg 600w, https:\/\/www.borashockey.se\/wp-content\/uploads\/2025\/10\/IMG_5404-1200x675.jpeg 1200w, https:\/\/www.borashockey.se\/wp-content\/uploads\/2025\/10\/IMG_5404-150x84.jpeg 150w\" sizes=\"(max-width: 1024px) 100vw, 1024px\" \/>\t\t\t\t\t<\/div>\n\t\t\t\t\t<a class=\"wd-fill\" href=\"https:\/\/www.borashockey.se\/a-lag\/infor-returmotet\/\"><\/a>\n\t\t\t\t\n\t\t\t\t\t\t\t\t\t\t\t\t<div class=\"wd-post-date wd-style-with-bg\">\n\t\t\t\t<span class=\"post-date-day\">\n\t\t\t\t\t01\t\t\t\t<\/span>\n\t\t\t\t<span class=\"post-date-month\">\n\t\t\t\t\tokt\t\t\t\t<\/span>\n\t\t\t<\/div>\n\t\t\t\t\t\t\t\t\t<\/div>\n\t\t\n\t\t<div class=\"wd-post-content article-body-container\">\n\t\t\t\t\t\t\t<div class=\"wd-post-cat wd-style-with-bg meta-post-categories\">\n\t\t\t\t\t<a href=\"https:\/\/www.borashockey.se\/category\/a-lag\/\" rel=\"category tag\">A-Lag<\/a>, <a href=\"https:\/\/www.borashockey.se\/category\/nyheter\/\" rel=\"category tag\">Klubbnyheter<\/a>\t\t\t\t<\/div>\n\t\t\t\n\t\t\t\t\t\t\t<h3 class=\"wd-post-title wd-entities-title title post-title\">\n\t\t\t\t\t<a href=\"https:\/\/www.borashockey.se\/a-lag\/infor-returmotet\/\" rel=\"bookmark\">Inf\u00f6r returm\u00f6tet!<\/a>\n\t\t\t\t<\/h3>\n\t\t\t\n\t\t\t\t\t\t\t<div class=\"wd-post-meta\">\n\t\t\t\t\t\t\t\t\t\t\t\t\t\t\t<div class=\"wd-post-author\">\n\t\t\t\t\t\t\t\t\t\t\t<span>Postat av<\/span>\n\t\t\n\t\t\t\t\t<img alt='author-avatar' src='https:\/\/secure.gravatar.com\/avatar\/dccacba083d8660da447ece9932da1a85ba9dcd1dd571800cb1478dbf909aa89?s=18&#038;d=mm&#038;r=g' srcset='https:\/\/secure.gravatar.com\/avatar\/dccacba083d8660da447ece9932da1a85ba9dcd1dd571800cb1478dbf909aa89?s=36&#038;d=mm&#038;r=g 2x' class='avatar avatar-18 photo' height='18' width='18' decoding='async'\/>\t\t\n\t\t\t\t\t<a href=\"https:\/\/www.borashockey.se\/author\/media-borashockeygmail-com\/\" class=\"author\" rel=\"author\">Josefine Gustavsson<\/a>\n\t\t\t\t\t\t\t\t\t<\/div>\n\t\t\t\t\t<div class=\"wd-modified-date\">\n\t\t\t\t\t\t\t\t<time class=\"updated\" datetime=\"2025-10-01T15:50:56+02:00\">\n\t\t\t2025-10-01\t\t<\/time>\n\t\t\t\t\t\t\t<\/div>\n\n\t\t\t\t\t\t\t\t\t\t\t<div class=\"wd-post-share wd-tltp\">\n\t\t\t\t\t\t\t<div class=\"tooltip top\">\n\t\t\t\t\t\t\t\t<div class=\"tooltip-inner\">\n\t\t\t\t\t\t\t\t\t\t\t\t<div\n\t\t\t\t\t\tclass=\" wd-social-icons  wd-style-default wd-size-small social-share wd-shape-circle color-scheme-light text-center\">\n\t\t\t\t\n\t\t\t\t\n\t\t\t\t\t\t\t\t\t<a rel=\"noopener noreferrer nofollow\" href=\"https:\/\/www.facebook.com\/sharer\/sharer.php?u=https:\/\/www.borashockey.se\/a-lag\/infor-returmotet\/\" target=\"_blank\" class=\" wd-social-icon social-facebook\" aria-label=\"Facebook social link\">\n\t\t\t\t\t\t<span class=\"wd-icon\"><\/span>\n\t\t\t\t\t\t\t\t\t\t\t<\/a>\n\t\t\t\t\n\t\t\t\t\t\t\t\t\t<a rel=\"noopener noreferrer nofollow\" href=\"https:\/\/x.com\/share?url=https:\/\/www.borashockey.se\/a-lag\/infor-returmotet\/\" target=\"_blank\" class=\" wd-social-icon social-twitter\" aria-label=\"X social link\">\n\t\t\t\t\t\t<span class=\"wd-icon\"><\/span>\n\t\t\t\t\t\t\t\t\t\t\t<\/a>\n\t\t\t\t\n\t\t\t\t\n\t\t\t\t\t\t\t\t\t<a rel=\"noopener noreferrer nofollow\" href=\"mailto:?subject=Kolla%20detta%20https:\/\/www.borashockey.se\/a-lag\/infor-returmotet\/\" target=\"_blank\" class=\" wd-social-icon social-email\" aria-label=\"Email social link\">\n\t\t\t\t\t\t<span class=\"wd-icon\"><\/span>\n\t\t\t\t\t\t\t\t\t\t\t<\/a>\n\t\t\t\t\n\t\t\t\t\n\t\t\t\t\n\t\t\t\t\n\t\t\t\t\n\t\t\t\t\n\t\t\t\t\n\t\t\t\t\n\t\t\t\t\n\t\t\t\t\n\t\t\t\t\n\t\t\t\t\n\t\t\t\t\n\t\t\t\t\n\t\t\t\t\n\t\t\t\t\n\t\t\t\t\n\t\t\t\t\n\t\t\t\t\n\t\t\t\t\n\t\t\t\t\n\t\t\t\t\n\t\t\t\t\n\t\t\t<\/div>\n\n\t\t\t\t\t\t\t\t\t\t<\/div>\n\t\t\t\t\t\t\t\t<div class=\"tooltip-arrow\"><\/div>\n\t\t\t\t\t\t\t<\/div>\n\t\t\t\t\t\t<\/div>\n\t\t\t\t\t\n\t\t\t\t\t\t\t\t\t<\/div>\n\t\t\t\n\t\t\t\t\t\t\t\t\t\t\t\t<div class=\"wd-post-excerpt entry-content\">\n\t\t\t\t\t\tIkv\u00e4ll v\u00e4ntas det returm\u00f6te p\u00e5 bortaplan mot Grums som g\u00e4stade premi\u00e4ren!\r\nInf\u00f6r 2067 \u00e5sk\u00e5dare kunde man i pre...\t\t\t\t\t<\/div>\n\t\t\t\t\n\t\t\t\t\t\t\t\t\t\t\t\t\t\t<div class=\"wd-post-read-more wd-style-link read-more-section\">\n\t\t\t\t\t\t<a class=\"\" href=\"https:\/\/www.borashockey.se\/a-lag\/infor-returmotet\/\">Forts\u00e4tt l\u00e4sa<\/a>\t\t\t\t\t<\/div>\n\t\t\t\t\t\t\t\t\t\t\t\t\t<\/div>\n\t<\/div>\n<\/article>\n\n\t\t\t\t\t\t\t\t\t\t\t\n<article id=\"post-29104\" class=\"wd-post blog-design-default blog-post-loop blog-style-bg wd-add-shadow wd-col post-29104 post type-post status-publish format-standard has-post-thumbnail hentry category-a-lag category-nyheter\">\n\t<div class=\"wd-post-inner article-inner\">\n\t\t\t\t\t<div class=\"wd-post-thumb entry-header\">\n\t\t\t\t\t\t\t\t\t<div class=\"wd-post-img post-img-wrapp\">\n\t\t\t\t\t\t<img width=\"1024\" height=\"576\" src=\"https:\/\/www.borashockey.se\/wp-content\/uploads\/2025\/09\/IMG_5308-1024x576.jpeg\" class=\"attachment-large size-large\" alt=\"\" decoding=\"async\" srcset=\"https:\/\/www.borashockey.se\/wp-content\/uploads\/2025\/09\/IMG_5308-1024x576.jpeg 1024w, https:\/\/www.borashockey.se\/wp-content\/uploads\/2025\/09\/IMG_5308-550x309.jpeg 550w, https:\/\/www.borashockey.se\/wp-content\/uploads\/2025\/09\/IMG_5308-768x432.jpeg 768w, https:\/\/www.borashockey.se\/wp-content\/uploads\/2025\/09\/IMG_5308-1536x864.jpeg 1536w, https:\/\/www.borashockey.se\/wp-content\/uploads\/2025\/09\/IMG_5308-scaled.jpeg 2048w, https:\/\/www.borashockey.se\/wp-content\/uploads\/2025\/09\/IMG_5308-600x338.jpeg 600w, https:\/\/www.borashockey.se\/wp-content\/uploads\/2025\/09\/IMG_5308-1200x675.jpeg 1200w, https:\/\/www.borashockey.se\/wp-content\/uploads\/2025\/09\/IMG_5308-150x84.jpeg 150w\" sizes=\"(max-width: 1024px) 100vw, 1024px\" \/>\t\t\t\t\t<\/div>\n\t\t\t\t\t<a class=\"wd-fill\" href=\"https:\/\/www.borashockey.se\/nyheter\/free-ticket-game-i-premiaren\/\"><\/a>\n\t\t\t\t\n\t\t\t\t\t\t\t\t\t\t\t\t<div class=\"wd-post-date wd-style-with-bg\">\n\t\t\t\t<span class=\"post-date-day\">\n\t\t\t\t\t27\t\t\t\t<\/span>\n\t\t\t\t<span class=\"post-date-month\">\n\t\t\t\t\tsep\t\t\t\t<\/span>\n\t\t\t<\/div>\n\t\t\t\t\t\t\t\t\t<\/div>\n\t\t\n\t\t<div class=\"wd-post-content article-body-container\">\n\t\t\t\t\t\t\t<div class=\"wd-post-cat wd-style-with-bg meta-post-categories\">\n\t\t\t\t\t<a href=\"https:\/\/www.borashockey.se\/category\/a-lag\/\" rel=\"category tag\">A-Lag<\/a>, <a href=\"https:\/\/www.borashockey.se\/category\/nyheter\/\" rel=\"category tag\">Klubbnyheter<\/a>\t\t\t\t<\/div>\n\t\t\t\n\t\t\t\t\t\t\t<h3 class=\"wd-post-title wd-entities-title title post-title\">\n\t\t\t\t\t<a href=\"https:\/\/www.borashockey.se\/nyheter\/free-ticket-game-i-premiaren\/\" rel=\"bookmark\">&#8221;Free Ticket Game&#8221; i premi\u00e4ren!<\/a>\n\t\t\t\t<\/h3>\n\t\t\t\n\t\t\t\t\t\t\t<div class=\"wd-post-meta\">\n\t\t\t\t\t\t\t\t\t\t\t\t\t\t\t<div class=\"wd-post-author\">\n\t\t\t\t\t\t\t\t\t\t\t<span>Postat av<\/span>\n\t\t\n\t\t\t\t\t<img alt='author-avatar' src='https:\/\/secure.gravatar.com\/avatar\/dccacba083d8660da447ece9932da1a85ba9dcd1dd571800cb1478dbf909aa89?s=18&#038;d=mm&#038;r=g' srcset='https:\/\/secure.gravatar.com\/avatar\/dccacba083d8660da447ece9932da1a85ba9dcd1dd571800cb1478dbf909aa89?s=36&#038;d=mm&#038;r=g 2x' class='avatar avatar-18 photo' height='18' width='18' decoding='async'\/>\t\t\n\t\t\t\t\t<a href=\"https:\/\/www.borashockey.se\/author\/media-borashockeygmail-com\/\" class=\"author\" rel=\"author\">Josefine Gustavsson<\/a>\n\t\t\t\t\t\t\t\t\t<\/div>\n\t\t\t\t\t<div class=\"wd-modified-date\">\n\t\t\t\t\t\t\t\t<time class=\"updated\" datetime=\"2025-09-27T15:23:58+02:00\">\n\t\t\t2025-09-27\t\t<\/time>\n\t\t\t\t\t\t\t<\/div>\n\n\t\t\t\t\t\t\t\t\t\t\t<div class=\"wd-post-share wd-tltp\">\n\t\t\t\t\t\t\t<div class=\"tooltip top\">\n\t\t\t\t\t\t\t\t<div class=\"tooltip-inner\">\n\t\t\t\t\t\t\t\t\t\t\t\t<div\n\t\t\t\t\t\tclass=\" wd-social-icons  wd-style-default wd-size-small social-share wd-shape-circle color-scheme-light text-center\">\n\t\t\t\t\n\t\t\t\t\n\t\t\t\t\t\t\t\t\t<a rel=\"noopener noreferrer nofollow\" href=\"https:\/\/www.facebook.com\/sharer\/sharer.php?u=https:\/\/www.borashockey.se\/nyheter\/free-ticket-game-i-premiaren\/\" target=\"_blank\" class=\" wd-social-icon social-facebook\" aria-label=\"Facebook social link\">\n\t\t\t\t\t\t<span class=\"wd-icon\"><\/span>\n\t\t\t\t\t\t\t\t\t\t\t<\/a>\n\t\t\t\t\n\t\t\t\t\t\t\t\t\t<a rel=\"noopener noreferrer nofollow\" href=\"https:\/\/x.com\/share?url=https:\/\/www.borashockey.se\/nyheter\/free-ticket-game-i-premiaren\/\" target=\"_blank\" class=\" wd-social-icon social-twitter\" aria-label=\"X social link\">\n\t\t\t\t\t\t<span class=\"wd-icon\"><\/span>\n\t\t\t\t\t\t\t\t\t\t\t<\/a>\n\t\t\t\t\n\t\t\t\t\n\t\t\t\t\t\t\t\t\t<a rel=\"noopener noreferrer nofollow\" href=\"mailto:?subject=Kolla%20detta%20https:\/\/www.borashockey.se\/nyheter\/free-ticket-game-i-premiaren\/\" target=\"_blank\" class=\" wd-social-icon social-email\" aria-label=\"Email social link\">\n\t\t\t\t\t\t<span class=\"wd-icon\"><\/span>\n\t\t\t\t\t\t\t\t\t\t\t<\/a>\n\t\t\t\t\n\t\t\t\t\n\t\t\t\t\n\t\t\t\t\n\t\t\t\t\n\t\t\t\t\n\t\t\t\t\n\t\t\t\t\n\t\t\t\t\n\t\t\t\t\n\t\t\t\t\n\t\t\t\t\n\t\t\t\t\n\t\t\t\t\n\t\t\t\t\n\t\t\t\t\n\t\t\t\t\n\t\t\t\t\n\t\t\t\t\n\t\t\t\t\n\t\t\t\t\n\t\t\t\t\n\t\t\t\t\n\t\t\t<\/div>\n\n\t\t\t\t\t\t\t\t\t\t<\/div>\n\t\t\t\t\t\t\t\t<div class=\"tooltip-arrow\"><\/div>\n\t\t\t\t\t\t\t<\/div>\n\t\t\t\t\t\t<\/div>\n\t\t\t\t\t\n\t\t\t\t\t\t\t\t\t<\/div>\n\t\t\t\n\t\t\t\t\t\t\t\t\t\t\t\t<div class=\"wd-post-excerpt entry-content\">\n\t\t\t\t\t\t\u00c4ntligen \u00e4r det dags f\u00f6r seriepremi\u00e4r i Hockeyettan s\u00e4songen 25\/26 och den rivstartar vi med att v\u00e5ra partners...\t\t\t\t\t<\/div>\n\t\t\t\t\n\t\t\t\t\t\t\t\t\t\t\t\t\t\t<div class=\"wd-post-read-more wd-style-link read-more-section\">\n\t\t\t\t\t\t<a class=\"\" href=\"https:\/\/www.borashockey.se\/nyheter\/free-ticket-game-i-premiaren\/\">Forts\u00e4tt l\u00e4sa<\/a>\t\t\t\t\t<\/div>\n\t\t\t\t\t\t\t\t\t\t\t\t\t<\/div>\n\t<\/div>\n<\/article>\n\n\t\t\t\t\t\t\t\t\t\t\t\n<article id=\"post-29024\" class=\"wd-post blog-design-default blog-post-loop blog-style-bg wd-add-shadow wd-col post-29024 post type-post status-publish format-standard has-post-thumbnail hentry category-a-lag category-nyheter\">\n\t<div class=\"wd-post-inner article-inner\">\n\t\t\t\t\t<div class=\"wd-post-thumb entry-header\">\n\t\t\t\t\t\t\t\t\t<div class=\"wd-post-img post-img-wrapp\">\n\t\t\t\t\t\t<img width=\"1024\" height=\"576\" src=\"https:\/\/www.borashockey.se\/wp-content\/uploads\/2025\/09\/IMG_5195-1024x576.jpeg\" class=\"attachment-large size-large\" alt=\"\" decoding=\"async\" srcset=\"https:\/\/www.borashockey.se\/wp-content\/uploads\/2025\/09\/IMG_5195-1024x576.jpeg 1024w, https:\/\/www.borashockey.se\/wp-content\/uploads\/2025\/09\/IMG_5195-550x309.jpeg 550w, https:\/\/www.borashockey.se\/wp-content\/uploads\/2025\/09\/IMG_5195-768x432.jpeg 768w, https:\/\/www.borashockey.se\/wp-content\/uploads\/2025\/09\/IMG_5195-1536x864.jpeg 1536w, https:\/\/www.borashockey.se\/wp-content\/uploads\/2025\/09\/IMG_5195-600x338.jpeg 600w, https:\/\/www.borashockey.se\/wp-content\/uploads\/2025\/09\/IMG_5195-1200x675.jpeg 1200w, https:\/\/www.borashockey.se\/wp-content\/uploads\/2025\/09\/IMG_5195-150x84.jpeg 150w, https:\/\/www.borashockey.se\/wp-content\/uploads\/2025\/09\/IMG_5195.jpeg 1920w\" sizes=\"(max-width: 1024px) 100vw, 1024px\" \/>\t\t\t\t\t<\/div>\n\t\t\t\t\t<a class=\"wd-fill\" href=\"https:\/\/www.borashockey.se\/a-lag\/vi-lanar-in-en-back-fran-if-troja-ljungby\/\"><\/a>\n\t\t\t\t\n\t\t\t\t\t\t\t\t\t\t\t\t<div class=\"wd-post-date wd-style-with-bg\">\n\t\t\t\t<span class=\"post-date-day\">\n\t\t\t\t\t23\t\t\t\t<\/span>\n\t\t\t\t<span class=\"post-date-month\">\n\t\t\t\t\tsep\t\t\t\t<\/span>\n\t\t\t<\/div>\n\t\t\t\t\t\t\t\t\t<\/div>\n\t\t\n\t\t<div class=\"wd-post-content article-body-container\">\n\t\t\t\t\t\t\t<div class=\"wd-post-cat wd-style-with-bg meta-post-categories\">\n\t\t\t\t\t<a href=\"https:\/\/www.borashockey.se\/category\/a-lag\/\" rel=\"category tag\">A-Lag<\/a>, <a href=\"https:\/\/www.borashockey.se\/category\/nyheter\/\" rel=\"category tag\">Klubbnyheter<\/a>\t\t\t\t<\/div>\n\t\t\t\n\t\t\t\t\t\t\t<h3 class=\"wd-post-title wd-entities-title title post-title\">\n\t\t\t\t\t<a href=\"https:\/\/www.borashockey.se\/a-lag\/vi-lanar-in-en-back-fran-if-troja-ljungby\/\" rel=\"bookmark\">Vi l\u00e5nar in en back fr\u00e5n IF Troja-Ljungby<\/a>\n\t\t\t\t<\/h3>\n\t\t\t\n\t\t\t\t\t\t\t<div class=\"wd-post-meta\">\n\t\t\t\t\t\t\t\t\t\t\t\t\t\t\t<div class=\"wd-post-author\">\n\t\t\t\t\t\t\t\t\t\t\t<span>Postat av<\/span>\n\t\t\n\t\t\t\t\t<img alt='author-avatar' src='https:\/\/secure.gravatar.com\/avatar\/dccacba083d8660da447ece9932da1a85ba9dcd1dd571800cb1478dbf909aa89?s=18&#038;d=mm&#038;r=g' srcset='https:\/\/secure.gravatar.com\/avatar\/dccacba083d8660da447ece9932da1a85ba9dcd1dd571800cb1478dbf909aa89?s=36&#038;d=mm&#038;r=g 2x' class='avatar avatar-18 photo' height='18' width='18' decoding='async'\/>\t\t\n\t\t\t\t\t<a href=\"https:\/\/www.borashockey.se\/author\/media-borashockeygmail-com\/\" class=\"author\" rel=\"author\">Josefine Gustavsson<\/a>\n\t\t\t\t\t\t\t\t\t<\/div>\n\t\t\t\t\t<div class=\"wd-modified-date\">\n\t\t\t\t\t\t\t\t<time class=\"updated\" datetime=\"2025-09-23T15:00:39+02:00\">\n\t\t\t2025-09-23\t\t<\/time>\n\t\t\t\t\t\t\t<\/div>\n\n\t\t\t\t\t\t\t\t\t\t\t<div class=\"wd-post-share wd-tltp\">\n\t\t\t\t\t\t\t<div class=\"tooltip top\">\n\t\t\t\t\t\t\t\t<div class=\"tooltip-inner\">\n\t\t\t\t\t\t\t\t\t\t\t\t<div\n\t\t\t\t\t\tclass=\" wd-social-icons  wd-style-default wd-size-small social-share wd-shape-circle color-scheme-light text-center\">\n\t\t\t\t\n\t\t\t\t\n\t\t\t\t\t\t\t\t\t<a rel=\"noopener noreferrer nofollow\" href=\"https:\/\/www.facebook.com\/sharer\/sharer.php?u=https:\/\/www.borashockey.se\/a-lag\/vi-lanar-in-en-back-fran-if-troja-ljungby\/\" target=\"_blank\" class=\" wd-social-icon social-facebook\" aria-label=\"Facebook social link\">\n\t\t\t\t\t\t<span class=\"wd-icon\"><\/span>\n\t\t\t\t\t\t\t\t\t\t\t<\/a>\n\t\t\t\t\n\t\t\t\t\t\t\t\t\t<a rel=\"noopener noreferrer nofollow\" href=\"https:\/\/x.com\/share?url=https:\/\/www.borashockey.se\/a-lag\/vi-lanar-in-en-back-fran-if-troja-ljungby\/\" target=\"_blank\" class=\" wd-social-icon social-twitter\" aria-label=\"X social link\">\n\t\t\t\t\t\t<span class=\"wd-icon\"><\/span>\n\t\t\t\t\t\t\t\t\t\t\t<\/a>\n\t\t\t\t\n\t\t\t\t\n\t\t\t\t\t\t\t\t\t<a rel=\"noopener noreferrer nofollow\" href=\"mailto:?subject=Kolla%20detta%20https:\/\/www.borashockey.se\/a-lag\/vi-lanar-in-en-back-fran-if-troja-ljungby\/\" target=\"_blank\" class=\" wd-social-icon social-email\" aria-label=\"Email social link\">\n\t\t\t\t\t\t<span class=\"wd-icon\"><\/span>\n\t\t\t\t\t\t\t\t\t\t\t<\/a>\n\t\t\t\t\n\t\t\t\t\n\t\t\t\t\n\t\t\t\t\n\t\t\t\t\n\t\t\t\t\n\t\t\t\t\n\t\t\t\t\n\t\t\t\t\n\t\t\t\t\n\t\t\t\t\n\t\t\t\t\n\t\t\t\t\n\t\t\t\t\n\t\t\t\t\n\t\t\t\t\n\t\t\t\t\n\t\t\t\t\n\t\t\t\t\n\t\t\t\t\n\t\t\t\t\n\t\t\t\t\n\t\t\t\t\n\t\t\t<\/div>\n\n\t\t\t\t\t\t\t\t\t\t<\/div>\n\t\t\t\t\t\t\t\t<div class=\"tooltip-arrow\"><\/div>\n\t\t\t\t\t\t\t<\/div>\n\t\t\t\t\t\t<\/div>\n\t\t\t\t\t\n\t\t\t\t\t\t\t\t\t<\/div>\n\t\t\t\n\t\t\t\t\t\t\t\t\t\t\t\t<div class=\"wd-post-excerpt entry-content\">\n\t\t\t\t\t\tBor\u00e5s Hockey l\u00e5nar in en back fr\u00e5n IF Troja-Ljungby\r\nP\u00e5 grund av r\u00e5dande l\u00e5ngtidsskador p\u00e5 backsidan (David Ba...\t\t\t\t\t<\/div>\n\t\t\t\t\n\t\t\t\t\t\t\t\t\t\t\t\t\t\t<div class=\"wd-post-read-more wd-style-link read-more-section\">\n\t\t\t\t\t\t<a class=\"\" href=\"https:\/\/www.borashockey.se\/a-lag\/vi-lanar-in-en-back-fran-if-troja-ljungby\/\">Forts\u00e4tt l\u00e4sa<\/a>\t\t\t\t\t<\/div>\n\t\t\t\t\t\t\t\t\t\t\t\t\t<\/div>\n\t<\/div>\n<\/article>\n\n\t\t\t\t\t\t\t\t\t\t\t\n<article id=\"post-28749\" class=\"wd-post blog-design-default blog-post-loop blog-style-bg wd-add-shadow wd-col post-28749 post type-post status-publish format-standard has-post-thumbnail hentry category-a-lag category-nyheter\">\n\t<div class=\"wd-post-inner article-inner\">\n\t\t\t\t\t<div class=\"wd-post-thumb entry-header\">\n\t\t\t\t\t\t\t\t\t<div class=\"wd-post-img post-img-wrapp\">\n\t\t\t\t\t\t<img width=\"1024\" height=\"576\" src=\"https:\/\/www.borashockey.se\/wp-content\/uploads\/2025\/09\/IMG_4990-1024x576.jpeg\" class=\"attachment-large size-large\" alt=\"\" decoding=\"async\" srcset=\"https:\/\/www.borashockey.se\/wp-content\/uploads\/2025\/09\/IMG_4990-1024x576.jpeg 1024w, https:\/\/www.borashockey.se\/wp-content\/uploads\/2025\/09\/IMG_4990-550x309.jpeg 550w, https:\/\/www.borashockey.se\/wp-content\/uploads\/2025\/09\/IMG_4990-768x432.jpeg 768w, https:\/\/www.borashockey.se\/wp-content\/uploads\/2025\/09\/IMG_4990-1536x864.jpeg 1536w, https:\/\/www.borashockey.se\/wp-content\/uploads\/2025\/09\/IMG_4990-600x338.jpeg 600w, https:\/\/www.borashockey.se\/wp-content\/uploads\/2025\/09\/IMG_4990-1200x675.jpeg 1200w, https:\/\/www.borashockey.se\/wp-content\/uploads\/2025\/09\/IMG_4990-150x84.jpeg 150w, https:\/\/www.borashockey.se\/wp-content\/uploads\/2025\/09\/IMG_4990.jpeg 1920w\" sizes=\"(max-width: 1024px) 100vw, 1024px\" \/>\t\t\t\t\t<\/div>\n\t\t\t\t\t<a class=\"wd-fill\" href=\"https:\/\/www.borashockey.se\/a-lag\/vi-lanar-in-en-ny-center-fran-if-troja-ljungby\/\"><\/a>\n\t\t\t\t\n\t\t\t\t\t\t\t\t\t\t\t\t<div class=\"wd-post-date wd-style-with-bg\">\n\t\t\t\t<span class=\"post-date-day\">\n\t\t\t\t\t08\t\t\t\t<\/span>\n\t\t\t\t<span class=\"post-date-month\">\n\t\t\t\t\tsep\t\t\t\t<\/span>\n\t\t\t<\/div>\n\t\t\t\t\t\t\t\t\t<\/div>\n\t\t\n\t\t<div class=\"wd-post-content article-body-container\">\n\t\t\t\t\t\t\t<div class=\"wd-post-cat wd-style-with-bg meta-post-categories\">\n\t\t\t\t\t<a href=\"https:\/\/www.borashockey.se\/category\/a-lag\/\" rel=\"category tag\">A-Lag<\/a>, <a href=\"https:\/\/www.borashockey.se\/category\/nyheter\/\" rel=\"category tag\">Klubbnyheter<\/a>\t\t\t\t<\/div>\n\t\t\t\n\t\t\t\t\t\t\t<h3 class=\"wd-post-title wd-entities-title title post-title\">\n\t\t\t\t\t<a href=\"https:\/\/www.borashockey.se\/a-lag\/vi-lanar-in-en-ny-center-fran-if-troja-ljungby\/\" rel=\"bookmark\">Vi l\u00e5nar in en ny center fr\u00e5n IF Troja-Ljungby!<\/a>\n\t\t\t\t<\/h3>\n\t\t\t\n\t\t\t\t\t\t\t<div class=\"wd-post-meta\">\n\t\t\t\t\t\t\t\t\t\t\t\t\t\t\t<div class=\"wd-post-author\">\n\t\t\t\t\t\t\t\t\t\t\t<span>Postat av<\/span>\n\t\t\n\t\t\t\t\t<img alt='author-avatar' src='https:\/\/secure.gravatar.com\/avatar\/dccacba083d8660da447ece9932da1a85ba9dcd1dd571800cb1478dbf909aa89?s=18&#038;d=mm&#038;r=g' srcset='https:\/\/secure.gravatar.com\/avatar\/dccacba083d8660da447ece9932da1a85ba9dcd1dd571800cb1478dbf909aa89?s=36&#038;d=mm&#038;r=g 2x' class='avatar avatar-18 photo' height='18' width='18' decoding='async'\/>\t\t\n\t\t\t\t\t<a href=\"https:\/\/www.borashockey.se\/author\/media-borashockeygmail-com\/\" class=\"author\" rel=\"author\">Josefine Gustavsson<\/a>\n\t\t\t\t\t\t\t\t\t<\/div>\n\t\t\t\t\t<div class=\"wd-modified-date\">\n\t\t\t\t\t\t\t\t<time class=\"updated\" datetime=\"2025-09-08T18:00:30+02:00\">\n\t\t\t2025-09-08\t\t<\/time>\n\t\t\t\t\t\t\t<\/div>\n\n\t\t\t\t\t\t\t\t\t\t\t<div class=\"wd-post-share wd-tltp\">\n\t\t\t\t\t\t\t<div class=\"tooltip top\">\n\t\t\t\t\t\t\t\t<div class=\"tooltip-inner\">\n\t\t\t\t\t\t\t\t\t\t\t\t<div\n\t\t\t\t\t\tclass=\" wd-social-icons  wd-style-default wd-size-small social-share wd-shape-circle color-scheme-light text-center\">\n\t\t\t\t\n\t\t\t\t\n\t\t\t\t\t\t\t\t\t<a rel=\"noopener noreferrer nofollow\" href=\"https:\/\/www.facebook.com\/sharer\/sharer.php?u=https:\/\/www.borashockey.se\/a-lag\/vi-lanar-in-en-ny-center-fran-if-troja-ljungby\/\" target=\"_blank\" class=\" wd-social-icon social-facebook\" aria-label=\"Facebook social link\">\n\t\t\t\t\t\t<span class=\"wd-icon\"><\/span>\n\t\t\t\t\t\t\t\t\t\t\t<\/a>\n\t\t\t\t\n\t\t\t\t\t\t\t\t\t<a rel=\"noopener noreferrer nofollow\" href=\"https:\/\/x.com\/share?url=https:\/\/www.borashockey.se\/a-lag\/vi-lanar-in-en-ny-center-fran-if-troja-ljungby\/\" target=\"_blank\" class=\" wd-social-icon social-twitter\" aria-label=\"X social link\">\n\t\t\t\t\t\t<span class=\"wd-icon\"><\/span>\n\t\t\t\t\t\t\t\t\t\t\t<\/a>\n\t\t\t\t\n\t\t\t\t\n\t\t\t\t\t\t\t\t\t<a rel=\"noopener noreferrer nofollow\" href=\"mailto:?subject=Kolla%20detta%20https:\/\/www.borashockey.se\/a-lag\/vi-lanar-in-en-ny-center-fran-if-troja-ljungby\/\" target=\"_blank\" class=\" wd-social-icon social-email\" aria-label=\"Email social link\">\n\t\t\t\t\t\t<span class=\"wd-icon\"><\/span>\n\t\t\t\t\t\t\t\t\t\t\t<\/a>\n\t\t\t\t\n\t\t\t\t\n\t\t\t\t\n\t\t\t\t\n\t\t\t\t\n\t\t\t\t\n\t\t\t\t\n\t\t\t\t\n\t\t\t\t\n\t\t\t\t\n\t\t\t\t\n\t\t\t\t\n\t\t\t\t\n\t\t\t\t\n\t\t\t\t\n\t\t\t\t\n\t\t\t\t\n\t\t\t\t\n\t\t\t\t\n\t\t\t\t\n\t\t\t\t\n\t\t\t\t\n\t\t\t\t\n\t\t\t<\/div>\n\n\t\t\t\t\t\t\t\t\t\t<\/div>\n\t\t\t\t\t\t\t\t<div class=\"tooltip-arrow\"><\/div>\n\t\t\t\t\t\t\t<\/div>\n\t\t\t\t\t\t<\/div>\n\t\t\t\t\t\n\t\t\t\t\t\t\t\t\t<\/div>\n\t\t\t\n\t\t\t\t\t\t\t\t\t\t\t\t<div class=\"wd-post-excerpt entry-content\">\n\t\t\t\t\t\tNy center l\u00e5nas in till Bor\u00e5s Hockey!\r\n\u00c4ndring g\u00e4llande v\u00e5rt l\u00e5n fr\u00e5n Troja-Ljungby. Ist\u00e4llet f\u00f6r Lucas K\u00e4kel\u00e4...\t\t\t\t\t<\/div>\n\t\t\t\t\n\t\t\t\t\t\t\t\t\t\t\t\t\t\t<div class=\"wd-post-read-more wd-style-link read-more-section\">\n\t\t\t\t\t\t<a class=\"\" href=\"https:\/\/www.borashockey.se\/a-lag\/vi-lanar-in-en-ny-center-fran-if-troja-ljungby\/\">Forts\u00e4tt l\u00e4sa<\/a>\t\t\t\t\t<\/div>\n\t\t\t\t\t\t\t\t\t\t\t\t\t<\/div>\n\t<\/div>\n<\/article>\n\n\t\t\t\t\t\t\t\t\t\t\t\n<article id=\"post-28636\" class=\"wd-post blog-design-default blog-post-loop blog-style-bg wd-add-shadow wd-col post-28636 post type-post status-publish format-standard has-post-thumbnail hentry category-a-lag category-nyheter\">\n\t<div class=\"wd-post-inner article-inner\">\n\t\t\t\t\t<div class=\"wd-post-thumb entry-header\">\n\t\t\t\t\t\t\t\t\t<div class=\"wd-post-img post-img-wrapp\">\n\t\t\t\t\t\t<img width=\"1024\" height=\"576\" src=\"https:\/\/www.borashockey.se\/wp-content\/uploads\/2025\/09\/IMG_4848-1024x576.jpeg\" class=\"attachment-large size-large\" alt=\"\" decoding=\"async\" srcset=\"https:\/\/www.borashockey.se\/wp-content\/uploads\/2025\/09\/IMG_4848-1024x576.jpeg 1024w, https:\/\/www.borashockey.se\/wp-content\/uploads\/2025\/09\/IMG_4848-550x309.jpeg 550w, https:\/\/www.borashockey.se\/wp-content\/uploads\/2025\/09\/IMG_4848-768x432.jpeg 768w, https:\/\/www.borashockey.se\/wp-content\/uploads\/2025\/09\/IMG_4848-1536x864.jpeg 1536w, https:\/\/www.borashockey.se\/wp-content\/uploads\/2025\/09\/IMG_4848-scaled.jpeg 2048w, https:\/\/www.borashockey.se\/wp-content\/uploads\/2025\/09\/IMG_4848-600x338.jpeg 600w, https:\/\/www.borashockey.se\/wp-content\/uploads\/2025\/09\/IMG_4848-1200x675.jpeg 1200w, https:\/\/www.borashockey.se\/wp-content\/uploads\/2025\/09\/IMG_4848-150x84.jpeg 150w\" sizes=\"(max-width: 1024px) 100vw, 1024px\" \/>\t\t\t\t\t<\/div>\n\t\t\t\t\t<a class=\"wd-fill\" href=\"https:\/\/www.borashockey.se\/nyheter\/dags-for-sasongens-forsta-traningsmatch-pa-hemmaplan\/\"><\/a>\n\t\t\t\t\n\t\t\t\t\t\t\t\t\t\t\t\t<div class=\"wd-post-date wd-style-with-bg\">\n\t\t\t\t<span class=\"post-date-day\">\n\t\t\t\t\t03\t\t\t\t<\/span>\n\t\t\t\t<span class=\"post-date-month\">\n\t\t\t\t\tsep\t\t\t\t<\/span>\n\t\t\t<\/div>\n\t\t\t\t\t\t\t\t\t<\/div>\n\t\t\n\t\t<div class=\"wd-post-content article-body-container\">\n\t\t\t\t\t\t\t<div class=\"wd-post-cat wd-style-with-bg meta-post-categories\">\n\t\t\t\t\t<a href=\"https:\/\/www.borashockey.se\/category\/a-lag\/\" rel=\"category tag\">A-Lag<\/a>, <a href=\"https:\/\/www.borashockey.se\/category\/nyheter\/\" rel=\"category tag\">Klubbnyheter<\/a>\t\t\t\t<\/div>\n\t\t\t\n\t\t\t\t\t\t\t<h3 class=\"wd-post-title wd-entities-title title post-title\">\n\t\t\t\t\t<a href=\"https:\/\/www.borashockey.se\/nyheter\/dags-for-sasongens-forsta-traningsmatch-pa-hemmaplan\/\" rel=\"bookmark\">Dags f\u00f6r s\u00e4songens f\u00f6rsta tr\u00e4ningsmatch p\u00e5 hemmaplan!<\/a>\n\t\t\t\t<\/h3>\n\t\t\t\n\t\t\t\t\t\t\t<div class=\"wd-post-meta\">\n\t\t\t\t\t\t\t\t\t\t\t\t\t\t\t<div class=\"wd-post-author\">\n\t\t\t\t\t\t\t\t\t\t\t<span>Postat av<\/span>\n\t\t\n\t\t\t\t\t<img alt='author-avatar' src='https:\/\/secure.gravatar.com\/avatar\/dccacba083d8660da447ece9932da1a85ba9dcd1dd571800cb1478dbf909aa89?s=18&#038;d=mm&#038;r=g' srcset='https:\/\/secure.gravatar.com\/avatar\/dccacba083d8660da447ece9932da1a85ba9dcd1dd571800cb1478dbf909aa89?s=36&#038;d=mm&#038;r=g 2x' class='avatar avatar-18 photo' height='18' width='18' decoding='async'\/>\t\t\n\t\t\t\t\t<a href=\"https:\/\/www.borashockey.se\/author\/media-borashockeygmail-com\/\" class=\"author\" rel=\"author\">Josefine Gustavsson<\/a>\n\t\t\t\t\t\t\t\t\t<\/div>\n\t\t\t\t\t<div class=\"wd-modified-date\">\n\t\t\t\t\t\t\t\t<time class=\"updated\" datetime=\"2025-09-03T10:38:23+02:00\">\n\t\t\t2025-09-03\t\t<\/time>\n\t\t\t\t\t\t\t<\/div>\n\n\t\t\t\t\t\t\t\t\t\t\t<div class=\"wd-post-share wd-tltp\">\n\t\t\t\t\t\t\t<div class=\"tooltip top\">\n\t\t\t\t\t\t\t\t<div class=\"tooltip-inner\">\n\t\t\t\t\t\t\t\t\t\t\t\t<div\n\t\t\t\t\t\tclass=\" wd-social-icons  wd-style-default wd-size-small social-share wd-shape-circle color-scheme-light text-center\">\n\t\t\t\t\n\t\t\t\t\n\t\t\t\t\t\t\t\t\t<a rel=\"noopener noreferrer nofollow\" href=\"https:\/\/www.facebook.com\/sharer\/sharer.php?u=https:\/\/www.borashockey.se\/nyheter\/dags-for-sasongens-forsta-traningsmatch-pa-hemmaplan\/\" target=\"_blank\" class=\" wd-social-icon social-facebook\" aria-label=\"Facebook social link\">\n\t\t\t\t\t\t<span class=\"wd-icon\"><\/span>\n\t\t\t\t\t\t\t\t\t\t\t<\/a>\n\t\t\t\t\n\t\t\t\t\t\t\t\t\t<a rel=\"noopener noreferrer nofollow\" href=\"https:\/\/x.com\/share?url=https:\/\/www.borashockey.se\/nyheter\/dags-for-sasongens-forsta-traningsmatch-pa-hemmaplan\/\" target=\"_blank\" class=\" wd-social-icon social-twitter\" aria-label=\"X social link\">\n\t\t\t\t\t\t<span class=\"wd-icon\"><\/span>\n\t\t\t\t\t\t\t\t\t\t\t<\/a>\n\t\t\t\t\n\t\t\t\t\n\t\t\t\t\t\t\t\t\t<a rel=\"noopener noreferrer nofollow\" href=\"mailto:?subject=Kolla%20detta%20https:\/\/www.borashockey.se\/nyheter\/dags-for-sasongens-forsta-traningsmatch-pa-hemmaplan\/\" target=\"_blank\" class=\" wd-social-icon social-email\" aria-label=\"Email social link\">\n\t\t\t\t\t\t<span class=\"wd-icon\"><\/span>\n\t\t\t\t\t\t\t\t\t\t\t<\/a>\n\t\t\t\t\n\t\t\t\t\n\t\t\t\t\n\t\t\t\t\n\t\t\t\t\n\t\t\t\t\n\t\t\t\t\n\t\t\t\t\n\t\t\t\t\n\t\t\t\t\n\t\t\t\t\n\t\t\t\t\n\t\t\t\t\n\t\t\t\t\n\t\t\t\t\n\t\t\t\t\n\t\t\t\t\n\t\t\t\t\n\t\t\t\t\n\t\t\t\t\n\t\t\t\t\n\t\t\t\t\n\t\t\t\t\n\t\t\t<\/div>\n\n\t\t\t\t\t\t\t\t\t\t<\/div>\n\t\t\t\t\t\t\t\t<div class=\"tooltip-arrow\"><\/div>\n\t\t\t\t\t\t\t<\/div>\n\t\t\t\t\t\t<\/div>\n\t\t\t\t\t\n\t\t\t\t\t\t\t\t\t<\/div>\n\t\t\t\n\t\t\t\t\t\t\t\t\t\t\t\t<div class=\"wd-post-excerpt entry-content\">\n\t\t\t\t\t\tIkv\u00e4ll \u00e4r det s\u00e4songens f\u00f6rsta tr\u00e4ningsmatch p\u00e5 hemmaplan n\u00e4r Halmstad Hammers kommer p\u00e5 bes\u00f6k!\r\nEfter tre bor...\t\t\t\t\t<\/div>\n\t\t\t\t\n\t\t\t\t\t\t\t\t\t\t\t\t\t\t<div class=\"wd-post-read-more wd-style-link read-more-section\">\n\t\t\t\t\t\t<a class=\"\" href=\"https:\/\/www.borashockey.se\/nyheter\/dags-for-sasongens-forsta-traningsmatch-pa-hemmaplan\/\">Forts\u00e4tt l\u00e4sa<\/a>\t\t\t\t\t<\/div>\n\t\t\t\t\t\t\t\t\t\t\t\t\t<\/div>\n\t<\/div>\n<\/article>\n\n\t\t\t\t\t\t\t\t\t\t\t\n<article id=\"post-28540\" class=\"wd-post blog-design-default blog-post-loop blog-style-bg wd-add-shadow wd-col post-28540 post type-post status-publish format-standard has-post-thumbnail hentry category-a-lag category-nyheter\">\n\t<div class=\"wd-post-inner article-inner\">\n\t\t\t\t\t<div class=\"wd-post-thumb entry-header\">\n\t\t\t\t\t\t\t\t\t<div class=\"wd-post-img post-img-wrapp\">\n\t\t\t\t\t\t<img width=\"1024\" height=\"576\" src=\"https:\/\/www.borashockey.se\/wp-content\/uploads\/2025\/08\/IMG_4780-1024x576.jpeg\" class=\"attachment-large size-large\" alt=\"\" decoding=\"async\" srcset=\"https:\/\/www.borashockey.se\/wp-content\/uploads\/2025\/08\/IMG_4780-1024x576.jpeg 1024w, https:\/\/www.borashockey.se\/wp-content\/uploads\/2025\/08\/IMG_4780-550x309.jpeg 550w, https:\/\/www.borashockey.se\/wp-content\/uploads\/2025\/08\/IMG_4780-768x432.jpeg 768w, https:\/\/www.borashockey.se\/wp-content\/uploads\/2025\/08\/IMG_4780-1536x864.jpeg 1536w, https:\/\/www.borashockey.se\/wp-content\/uploads\/2025\/08\/IMG_4780-600x338.jpeg 600w, https:\/\/www.borashockey.se\/wp-content\/uploads\/2025\/08\/IMG_4780-1200x675.jpeg 1200w, https:\/\/www.borashockey.se\/wp-content\/uploads\/2025\/08\/IMG_4780-150x84.jpeg 150w, https:\/\/www.borashockey.se\/wp-content\/uploads\/2025\/08\/IMG_4780.jpeg 1920w\" sizes=\"(max-width: 1024px) 100vw, 1024px\" \/>\t\t\t\t\t<\/div>\n\t\t\t\t\t<a class=\"wd-fill\" href=\"https:\/\/www.borashockey.se\/a-lag\/res-till-danmark-over-dagen-och-se-var-match-samt-streamingsmojligheter\/\"><\/a>\n\t\t\t\t\n\t\t\t\t\t\t\t\t\t\t\t\t<div class=\"wd-post-date wd-style-with-bg\">\n\t\t\t\t<span class=\"post-date-day\">\n\t\t\t\t\t29\t\t\t\t<\/span>\n\t\t\t\t<span class=\"post-date-month\">\n\t\t\t\t\taug\t\t\t\t<\/span>\n\t\t\t<\/div>\n\t\t\t\t\t\t\t\t\t<\/div>\n\t\t\n\t\t<div class=\"wd-post-content article-body-container\">\n\t\t\t\t\t\t\t<div class=\"wd-post-cat wd-style-with-bg meta-post-categories\">\n\t\t\t\t\t<a href=\"https:\/\/www.borashockey.se\/category\/a-lag\/\" rel=\"category tag\">A-Lag<\/a>, <a href=\"https:\/\/www.borashockey.se\/category\/nyheter\/\" rel=\"category tag\">Klubbnyheter<\/a>\t\t\t\t<\/div>\n\t\t\t\n\t\t\t\t\t\t\t<h3 class=\"wd-post-title wd-entities-title title post-title\">\n\t\t\t\t\t<a href=\"https:\/\/www.borashockey.se\/a-lag\/res-till-danmark-over-dagen-och-se-var-match-samt-streamingsmojligheter\/\" rel=\"bookmark\">Res till Danmark \u00f6ver dagen och se v\u00e5r match, samt streamingsm\u00f6jligheter!<\/a>\n\t\t\t\t<\/h3>\n\t\t\t\n\t\t\t\t\t\t\t<div class=\"wd-post-meta\">\n\t\t\t\t\t\t\t\t\t\t\t\t\t\t\t<div class=\"wd-post-author\">\n\t\t\t\t\t\t\t\t\t\t\t<span>Postat av<\/span>\n\t\t\n\t\t\t\t\t<img alt='author-avatar' src='https:\/\/secure.gravatar.com\/avatar\/dccacba083d8660da447ece9932da1a85ba9dcd1dd571800cb1478dbf909aa89?s=18&#038;d=mm&#038;r=g' srcset='https:\/\/secure.gravatar.com\/avatar\/dccacba083d8660da447ece9932da1a85ba9dcd1dd571800cb1478dbf909aa89?s=36&#038;d=mm&#038;r=g 2x' class='avatar avatar-18 photo' height='18' width='18' decoding='async'\/>\t\t\n\t\t\t\t\t<a href=\"https:\/\/www.borashockey.se\/author\/media-borashockeygmail-com\/\" class=\"author\" rel=\"author\">Josefine Gustavsson<\/a>\n\t\t\t\t\t\t\t\t\t<\/div>\n\t\t\t\t\t<div class=\"wd-modified-date\">\n\t\t\t\t\t\t\t\t<time class=\"updated\" datetime=\"2025-08-29T10:42:38+02:00\">\n\t\t\t2025-08-29\t\t<\/time>\n\t\t\t\t\t\t\t<\/div>\n\n\t\t\t\t\t\t\t\t\t\t\t<div class=\"wd-post-share wd-tltp\">\n\t\t\t\t\t\t\t<div class=\"tooltip top\">\n\t\t\t\t\t\t\t\t<div class=\"tooltip-inner\">\n\t\t\t\t\t\t\t\t\t\t\t\t<div\n\t\t\t\t\t\tclass=\" wd-social-icons  wd-style-default wd-size-small social-share wd-shape-circle color-scheme-light text-center\">\n\t\t\t\t\n\t\t\t\t\n\t\t\t\t\t\t\t\t\t<a rel=\"noopener noreferrer nofollow\" href=\"https:\/\/www.facebook.com\/sharer\/sharer.php?u=https:\/\/www.borashockey.se\/a-lag\/res-till-danmark-over-dagen-och-se-var-match-samt-streamingsmojligheter\/\" target=\"_blank\" class=\" wd-social-icon social-facebook\" aria-label=\"Facebook social link\">\n\t\t\t\t\t\t<span class=\"wd-icon\"><\/span>\n\t\t\t\t\t\t\t\t\t\t\t<\/a>\n\t\t\t\t\n\t\t\t\t\t\t\t\t\t<a rel=\"noopener noreferrer nofollow\" href=\"https:\/\/x.com\/share?url=https:\/\/www.borashockey.se\/a-lag\/res-till-danmark-over-dagen-och-se-var-match-samt-streamingsmojligheter\/\" target=\"_blank\" class=\" wd-social-icon social-twitter\" aria-label=\"X social link\">\n\t\t\t\t\t\t<span class=\"wd-icon\"><\/span>\n\t\t\t\t\t\t\t\t\t\t\t<\/a>\n\t\t\t\t\n\t\t\t\t\n\t\t\t\t\t\t\t\t\t<a rel=\"noopener noreferrer nofollow\" href=\"mailto:?subject=Kolla%20detta%20https:\/\/www.borashockey.se\/a-lag\/res-till-danmark-over-dagen-och-se-var-match-samt-streamingsmojligheter\/\" target=\"_blank\" class=\" wd-social-icon social-email\" aria-label=\"Email social link\">\n\t\t\t\t\t\t<span class=\"wd-icon\"><\/span>\n\t\t\t\t\t\t\t\t\t\t\t<\/a>\n\t\t\t\t\n\t\t\t\t\n\t\t\t\t\n\t\t\t\t\n\t\t\t\t\n\t\t\t\t\n\t\t\t\t\n\t\t\t\t\n\t\t\t\t\n\t\t\t\t\n\t\t\t\t\n\t\t\t\t\n\t\t\t\t\n\t\t\t\t\n\t\t\t\t\n\t\t\t\t\n\t\t\t\t\n\t\t\t\t\n\t\t\t\t\n\t\t\t\t\n\t\t\t\t\n\t\t\t\t\n\t\t\t\t\n\t\t\t<\/div>\n\n\t\t\t\t\t\t\t\t\t\t<\/div>\n\t\t\t\t\t\t\t\t<div class=\"tooltip-arrow\"><\/div>\n\t\t\t\t\t\t\t<\/div>\n\t\t\t\t\t\t<\/div>\n\t\t\t\t\t\n\t\t\t\t\t\t\t\t\t<\/div>\n\t\t\t\n\t\t\t\t\t\t\t\t\t\t\t\t<div class=\"wd-post-excerpt entry-content\">\n\t\t\t\t\t\tImorgon l\u00f6rdag har BHC sin tredje tr\u00e4ningsmatch inf\u00f6r s\u00e4songen 25\/26 och den spelas i Fredrikshamn!\r\nVi har se...\t\t\t\t\t<\/div>\n\t\t\t\t\n\t\t\t\t\t\t\t\t\t\t\t\t\t\t<div class=\"wd-post-read-more wd-style-link read-more-section\">\n\t\t\t\t\t\t<a class=\"\" href=\"https:\/\/www.borashockey.se\/a-lag\/res-till-danmark-over-dagen-och-se-var-match-samt-streamingsmojligheter\/\">Forts\u00e4tt l\u00e4sa<\/a>\t\t\t\t\t<\/div>\n\t\t\t\t\t\t\t\t\t\t\t\t\t<\/div>\n\t<\/div>\n<\/article>\n\n\t\t\t\t\t\t\t\t\t\t\t\n<article id=\"post-28530\" class=\"wd-post blog-design-default blog-post-loop blog-style-bg wd-add-shadow wd-col post-28530 post type-post status-publish format-standard has-post-thumbnail hentry category-a-lag category-nyheter\">\n\t<div class=\"wd-post-inner article-inner\">\n\t\t\t\t\t<div class=\"wd-post-thumb entry-header\">\n\t\t\t\t\t\t\t\t\t<div class=\"wd-post-img post-img-wrapp\">\n\t\t\t\t\t\t<img width=\"1024\" height=\"576\" src=\"https:\/\/www.borashockey.se\/wp-content\/uploads\/2025\/08\/IMG_4768-1024x576.jpeg\" class=\"attachment-large size-large\" alt=\"\" decoding=\"async\" srcset=\"https:\/\/www.borashockey.se\/wp-content\/uploads\/2025\/08\/IMG_4768-1024x576.jpeg 1024w, https:\/\/www.borashockey.se\/wp-content\/uploads\/2025\/08\/IMG_4768-550x309.jpeg 550w, https:\/\/www.borashockey.se\/wp-content\/uploads\/2025\/08\/IMG_4768-768x432.jpeg 768w, https:\/\/www.borashockey.se\/wp-content\/uploads\/2025\/08\/IMG_4768-1536x864.jpeg 1536w, https:\/\/www.borashockey.se\/wp-content\/uploads\/2025\/08\/IMG_4768-600x338.jpeg 600w, https:\/\/www.borashockey.se\/wp-content\/uploads\/2025\/08\/IMG_4768-1200x675.jpeg 1200w, https:\/\/www.borashockey.se\/wp-content\/uploads\/2025\/08\/IMG_4768-150x84.jpeg 150w, https:\/\/www.borashockey.se\/wp-content\/uploads\/2025\/08\/IMG_4768.jpeg 1920w\" sizes=\"(max-width: 1024px) 100vw, 1024px\" \/>\t\t\t\t\t<\/div>\n\t\t\t\t\t<a class=\"wd-fill\" href=\"https:\/\/www.borashockey.se\/a-lag\/truppnyhet-lan-fran-if-troja-ljungby\/\"><\/a>\n\t\t\t\t\n\t\t\t\t\t\t\t\t\t\t\t\t<div class=\"wd-post-date wd-style-with-bg\">\n\t\t\t\t<span class=\"post-date-day\">\n\t\t\t\t\t28\t\t\t\t<\/span>\n\t\t\t\t<span class=\"post-date-month\">\n\t\t\t\t\taug\t\t\t\t<\/span>\n\t\t\t<\/div>\n\t\t\t\t\t\t\t\t\t<\/div>\n\t\t\n\t\t<div class=\"wd-post-content article-body-container\">\n\t\t\t\t\t\t\t<div class=\"wd-post-cat wd-style-with-bg meta-post-categories\">\n\t\t\t\t\t<a href=\"https:\/\/www.borashockey.se\/category\/a-lag\/\" rel=\"category tag\">A-Lag<\/a>, <a href=\"https:\/\/www.borashockey.se\/category\/nyheter\/\" rel=\"category tag\">Klubbnyheter<\/a>\t\t\t\t<\/div>\n\t\t\t\n\t\t\t\t\t\t\t<h3 class=\"wd-post-title wd-entities-title title post-title\">\n\t\t\t\t\t<a href=\"https:\/\/www.borashockey.se\/a-lag\/truppnyhet-lan-fran-if-troja-ljungby\/\" rel=\"bookmark\">Truppnyhet: L\u00e5n fr\u00e5n IF Troja-Ljungby<\/a>\n\t\t\t\t<\/h3>\n\t\t\t\n\t\t\t\t\t\t\t<div class=\"wd-post-meta\">\n\t\t\t\t\t\t\t\t\t\t\t\t\t\t\t<div class=\"wd-post-author\">\n\t\t\t\t\t\t\t\t\t\t\t<span>Postat av<\/span>\n\t\t\n\t\t\t\t\t<img alt='author-avatar' src='https:\/\/secure.gravatar.com\/avatar\/dccacba083d8660da447ece9932da1a85ba9dcd1dd571800cb1478dbf909aa89?s=18&#038;d=mm&#038;r=g' srcset='https:\/\/secure.gravatar.com\/avatar\/dccacba083d8660da447ece9932da1a85ba9dcd1dd571800cb1478dbf909aa89?s=36&#038;d=mm&#038;r=g 2x' class='avatar avatar-18 photo' height='18' width='18' decoding='async'\/>\t\t\n\t\t\t\t\t<a href=\"https:\/\/www.borashockey.se\/author\/media-borashockeygmail-com\/\" class=\"author\" rel=\"author\">Josefine Gustavsson<\/a>\n\t\t\t\t\t\t\t\t\t<\/div>\n\t\t\t\t\t<div class=\"wd-modified-date\">\n\t\t\t\t\t\t\t\t<time class=\"updated\" datetime=\"2025-08-28T18:00:20+02:00\">\n\t\t\t2025-08-28\t\t<\/time>\n\t\t\t\t\t\t\t<\/div>\n\n\t\t\t\t\t\t\t\t\t\t\t<div class=\"wd-post-share wd-tltp\">\n\t\t\t\t\t\t\t<div class=\"tooltip top\">\n\t\t\t\t\t\t\t\t<div class=\"tooltip-inner\">\n\t\t\t\t\t\t\t\t\t\t\t\t<div\n\t\t\t\t\t\tclass=\" wd-social-icons  wd-style-default wd-size-small social-share wd-shape-circle color-scheme-light text-center\">\n\t\t\t\t\n\t\t\t\t\n\t\t\t\t\t\t\t\t\t<a rel=\"noopener noreferrer nofollow\" href=\"https:\/\/www.facebook.com\/sharer\/sharer.php?u=https:\/\/www.borashockey.se\/a-lag\/truppnyhet-lan-fran-if-troja-ljungby\/\" target=\"_blank\" class=\" wd-social-icon social-facebook\" aria-label=\"Facebook social link\">\n\t\t\t\t\t\t<span class=\"wd-icon\"><\/span>\n\t\t\t\t\t\t\t\t\t\t\t<\/a>\n\t\t\t\t\n\t\t\t\t\t\t\t\t\t<a rel=\"noopener noreferrer nofollow\" href=\"https:\/\/x.com\/share?url=https:\/\/www.borashockey.se\/a-lag\/truppnyhet-lan-fran-if-troja-ljungby\/\" target=\"_blank\" class=\" wd-social-icon social-twitter\" aria-label=\"X social link\">\n\t\t\t\t\t\t<span class=\"wd-icon\"><\/span>\n\t\t\t\t\t\t\t\t\t\t\t<\/a>\n\t\t\t\t\n\t\t\t\t\n\t\t\t\t\t\t\t\t\t<a rel=\"noopener noreferrer nofollow\" href=\"mailto:?subject=Kolla%20detta%20https:\/\/www.borashockey.se\/a-lag\/truppnyhet-lan-fran-if-troja-ljungby\/\" target=\"_blank\" class=\" wd-social-icon social-email\" aria-label=\"Email social link\">\n\t\t\t\t\t\t<span class=\"wd-icon\"><\/span>\n\t\t\t\t\t\t\t\t\t\t\t<\/a>\n\t\t\t\t\n\t\t\t\t\n\t\t\t\t\n\t\t\t\t\n\t\t\t\t\n\t\t\t\t\n\t\t\t\t\n\t\t\t\t\n\t\t\t\t\n\t\t\t\t\n\t\t\t\t\n\t\t\t\t\n\t\t\t\t\n\t\t\t\t\n\t\t\t\t\n\t\t\t\t\n\t\t\t\t\n\t\t\t\t\n\t\t\t\t\n\t\t\t\t\n\t\t\t\t\n\t\t\t\t\n\t\t\t\t\n\t\t\t<\/div>\n\n\t\t\t\t\t\t\t\t\t\t<\/div>\n\t\t\t\t\t\t\t\t<div class=\"tooltip-arrow\"><\/div>\n\t\t\t\t\t\t\t<\/div>\n\t\t\t\t\t\t<\/div>\n\t\t\t\t\t\n\t\t\t\t\t\t\t\t\t<\/div>\n\t\t\t\n\t\t\t\t\t\t\t\t\t\t\t\t<div class=\"wd-post-excerpt entry-content\">\n\t\t\t\t\t\tIdag kan vi meddela att vi i samarbete med IF Troja-Ljungby f\u00e5r l\u00e5na in centern Lucas K\u00e4kel\u00e4!\r\nL\u00e5net g\u00e4ller ti...\t\t\t\t\t<\/div>\n\t\t\t\t\n\t\t\t\t\t\t\t\t\t\t\t\t\t\t<div class=\"wd-post-read-more wd-style-link read-more-section\">\n\t\t\t\t\t\t<a class=\"\" href=\"https:\/\/www.borashockey.se\/a-lag\/truppnyhet-lan-fran-if-troja-ljungby\/\">Forts\u00e4tt l\u00e4sa<\/a>\t\t\t\t\t<\/div>\n\t\t\t\t\t\t\t\t\t\t\t\t\t<\/div>\n\t<\/div>\n<\/article>\n\n\t\t\t\t\t\n\t\t\t\t\t","status":"have-posts","nextPage":"https:\/\/www.borashockey.se\/author\/media-borashockeygmail-com\/page\/7\/?woo_ajax=1","currentPage":"https:\/\/www.borashockey.se\/author\/media-borashockeygmail-com\/page\/6"}