
			
				

					
				

			
		{"items":"\n\t\t\t\t\t\t\t\t\t\t\t\t\t\t<link rel=\"stylesheet\" id=\"wd-post-types-mod-categories-style-bg-css\" href=\"https:\/\/www.borashockey.se\/wp-content\/themes\/woodmart\/css\/parts\/post-types-mod-categories-style-bg.min.css?ver=8.2.7\" type=\"text\/css\" media=\"all\" \/> \t\t\t\n<article id=\"post-24567\" class=\"wd-post blog-design-default blog-post-loop blog-style-bg wd-add-shadow wd-col post-24567 post type-post status-publish format-standard has-post-thumbnail hentry category-a-lag category-nyheter\">\n\t<div class=\"wd-post-inner article-inner\">\n\t\t\t\t\t<div class=\"wd-post-thumb entry-header\">\n\t\t\t\t\t\t\t\t\t<div class=\"wd-post-img post-img-wrapp\">\n\t\t\t\t\t\t<img width=\"1024\" height=\"648\" src=\"https:\/\/www.borashockey.se\/wp-content\/uploads\/2024\/09\/unnamed-18-1024x648.jpg\" class=\"attachment-large size-large\" alt=\"\" decoding=\"async\" fetchpriority=\"high\" srcset=\"https:\/\/www.borashockey.se\/wp-content\/uploads\/2024\/09\/unnamed-18-1024x648.jpg 1024w, https:\/\/www.borashockey.se\/wp-content\/uploads\/2024\/09\/unnamed-18-550x348.jpg 550w, https:\/\/www.borashockey.se\/wp-content\/uploads\/2024\/09\/unnamed-18-768x486.jpg 768w, https:\/\/www.borashockey.se\/wp-content\/uploads\/2024\/09\/unnamed-18-1536x971.jpg 1536w, https:\/\/www.borashockey.se\/wp-content\/uploads\/2024\/09\/unnamed-18-600x379.jpg 600w, https:\/\/www.borashockey.se\/wp-content\/uploads\/2024\/09\/unnamed-18-1200x759.jpg 1200w, https:\/\/www.borashockey.se\/wp-content\/uploads\/2024\/09\/unnamed-18-150x95.jpg 150w, https:\/\/www.borashockey.se\/wp-content\/uploads\/2024\/09\/unnamed-18.jpg 2048w\" sizes=\"(max-width: 1024px) 100vw, 1024px\" \/>\t\t\t\t\t<\/div>\n\t\t\t\t\t<a class=\"wd-fill\" href=\"https:\/\/www.borashockey.se\/a-lag\/seger-i-premiaren\/\"><\/a>\n\t\t\t\t\n\t\t\t\t\t\t\t\t\t\t\t\t<link rel=\"stylesheet\" id=\"wd-post-types-mod-date-style-bg-css\" href=\"https:\/\/www.borashockey.se\/wp-content\/themes\/woodmart\/css\/parts\/post-types-mod-date-style-bg.min.css?ver=8.2.7\" type=\"text\/css\" media=\"all\" \/> \t\t\t\t\t\t<div class=\"wd-post-date wd-style-with-bg\">\n\t\t\t\t<span class=\"post-date-day\">\n\t\t\t\t\t22\t\t\t\t<\/span>\n\t\t\t\t<span class=\"post-date-month\">\n\t\t\t\t\tsep\t\t\t\t<\/span>\n\t\t\t<\/div>\n\t\t\t\t\t\t\t\t\t<\/div>\n\t\t\n\t\t<div class=\"wd-post-content article-body-container\">\n\t\t\t\t\t\t\t<div class=\"wd-post-cat wd-style-with-bg meta-post-categories\">\n\t\t\t\t\t<a href=\"https:\/\/www.borashockey.se\/category\/a-lag\/\" rel=\"category tag\">A-Lag<\/a>, <a href=\"https:\/\/www.borashockey.se\/category\/nyheter\/\" rel=\"category tag\">Klubbnyheter<\/a>\t\t\t\t<\/div>\n\t\t\t\n\t\t\t\t\t\t\t<h3 class=\"wd-post-title wd-entities-title title post-title\">\n\t\t\t\t\t<a href=\"https:\/\/www.borashockey.se\/a-lag\/seger-i-premiaren\/\" rel=\"bookmark\">Seger i premi\u00e4ren!<\/a>\n\t\t\t\t<\/h3>\n\t\t\t\n\t\t\t\t\t\t\t<div class=\"wd-post-meta\">\n\t\t\t\t\t\t\t\t\t\t\t\t\t<link rel=\"stylesheet\" id=\"wd-blog-mod-author-css\" href=\"https:\/\/www.borashockey.se\/wp-content\/themes\/woodmart\/css\/parts\/blog-mod-author.min.css?ver=8.2.7\" type=\"text\/css\" media=\"all\" \/> \t\t\t\t\t\t\t\t<div class=\"wd-post-author\">\n\t\t\t\t\t\t\t\t\t\t\t<span>Postat av<\/span>\n\t\t\n\t\t\t\t\t<img alt='author-avatar' src='https:\/\/secure.gravatar.com\/avatar\/dccacba083d8660da447ece9932da1a85ba9dcd1dd571800cb1478dbf909aa89?s=18&#038;d=mm&#038;r=g' srcset='https:\/\/secure.gravatar.com\/avatar\/dccacba083d8660da447ece9932da1a85ba9dcd1dd571800cb1478dbf909aa89?s=36&#038;d=mm&#038;r=g 2x' class='avatar avatar-18 photo' height='18' width='18' decoding='async'\/>\t\t\n\t\t\t\t\t<a href=\"https:\/\/www.borashockey.se\/author\/media-borashockeygmail-com\/\" class=\"author\" rel=\"author\">Josefine Gustavsson<\/a>\n\t\t\t\t\t\t\t\t\t<\/div>\n\t\t\t\t\t<div class=\"wd-modified-date\">\n\t\t\t\t\t\t\t\t<time class=\"updated\" datetime=\"2024-09-22T09:07:41+02:00\">\n\t\t\t2024-09-22\t\t<\/time>\n\t\t\t\t\t\t\t<\/div>\n\n\t\t\t\t\t\t\t\t\t\t\t<div class=\"wd-post-share wd-tltp\">\n\t\t\t\t\t\t\t<div class=\"tooltip top\">\n\t\t\t\t\t\t\t\t<div class=\"tooltip-inner\">\n\t\t\t\t\t\t\t\t\t\t\t\t<link rel=\"stylesheet\" id=\"wd-social-icons-css\" href=\"https:\/\/www.borashockey.se\/wp-content\/themes\/woodmart\/css\/parts\/el-social-icons.min.css?ver=8.2.7\" type=\"text\/css\" media=\"all\" \/> \t\t\t\t\t\t<div\n\t\t\t\t\t\tclass=\" wd-social-icons  wd-style-default wd-size-small social-share wd-shape-circle color-scheme-light text-center\">\n\t\t\t\t\n\t\t\t\t\n\t\t\t\t\t\t\t\t\t<a rel=\"noopener noreferrer nofollow\" href=\"https:\/\/www.facebook.com\/sharer\/sharer.php?u=https:\/\/www.borashockey.se\/a-lag\/seger-i-premiaren\/\" target=\"_blank\" class=\" wd-social-icon social-facebook\" aria-label=\"Facebook social link\">\n\t\t\t\t\t\t<span class=\"wd-icon\"><\/span>\n\t\t\t\t\t\t\t\t\t\t\t<\/a>\n\t\t\t\t\n\t\t\t\t\t\t\t\t\t<a rel=\"noopener noreferrer nofollow\" href=\"https:\/\/x.com\/share?url=https:\/\/www.borashockey.se\/a-lag\/seger-i-premiaren\/\" target=\"_blank\" class=\" wd-social-icon social-twitter\" aria-label=\"X social link\">\n\t\t\t\t\t\t<span class=\"wd-icon\"><\/span>\n\t\t\t\t\t\t\t\t\t\t\t<\/a>\n\t\t\t\t\n\t\t\t\t\n\t\t\t\t\t\t\t\t\t<a rel=\"noopener noreferrer nofollow\" href=\"mailto:?subject=Kolla%20detta%20https:\/\/www.borashockey.se\/a-lag\/seger-i-premiaren\/\" target=\"_blank\" class=\" wd-social-icon social-email\" aria-label=\"Email social link\">\n\t\t\t\t\t\t<span class=\"wd-icon\"><\/span>\n\t\t\t\t\t\t\t\t\t\t\t<\/a>\n\t\t\t\t\n\t\t\t\t\n\t\t\t\t\n\t\t\t\t\n\t\t\t\t\n\t\t\t\t\n\t\t\t\t\n\t\t\t\t\n\t\t\t\t\n\t\t\t\t\n\t\t\t\t\n\t\t\t\t\n\t\t\t\t\n\t\t\t\t\n\t\t\t\t\n\t\t\t\t\n\t\t\t\t\n\t\t\t\t\n\t\t\t\t\n\t\t\t\t\n\t\t\t\t\n\t\t\t\t\n\t\t\t\t\n\t\t\t<\/div>\n\n\t\t\t\t\t\t\t\t\t\t<\/div>\n\t\t\t\t\t\t\t\t<div class=\"tooltip-arrow\"><\/div>\n\t\t\t\t\t\t\t<\/div>\n\t\t\t\t\t\t<\/div>\n\t\t\t\t\t\n\t\t\t\t\t\t\t\t\t<\/div>\n\t\t\t\n\t\t\t\t\t\t\t\t\t\t\t\t<div class=\"wd-post-excerpt entry-content\">\n\t\t\t\t\t\tFoto: Anders Gustafsson\r\nDet blev en h\u00e4rlig tillst\u00e4llning p\u00e5 l\u00f6rdagskv\u00e4llen i Mariehus Arena n\u00e4r BHC v\u00e4nde och...\t\t\t\t\t<\/div>\n\t\t\t\t\n\t\t\t\t\t\t\t\t\t\t\t\t\t\t<div class=\"wd-post-read-more wd-style-link read-more-section\">\n\t\t\t\t\t\t<a class=\"\" href=\"https:\/\/www.borashockey.se\/a-lag\/seger-i-premiaren\/\">Forts\u00e4tt l\u00e4sa<\/a>\t\t\t\t\t<\/div>\n\t\t\t\t\t\t\t\t\t\t\t\t\t<\/div>\n\t<\/div>\n<\/article>\n\n\t\t\t\t\t\t\t\t\t\t\t\n<article id=\"post-24549\" class=\"wd-post blog-design-default blog-post-loop blog-style-bg wd-add-shadow wd-col post-24549 post type-post status-publish format-standard has-post-thumbnail hentry category-a-lag category-nyheter\">\n\t<div class=\"wd-post-inner article-inner\">\n\t\t\t\t\t<div class=\"wd-post-thumb entry-header\">\n\t\t\t\t\t\t\t\t\t<div class=\"wd-post-img post-img-wrapp\">\n\t\t\t\t\t\t<img width=\"1024\" height=\"576\" src=\"https:\/\/www.borashockey.se\/wp-content\/uploads\/2024\/09\/unnamed-17-1024x576.jpg\" class=\"attachment-large size-large\" alt=\"\" decoding=\"async\" srcset=\"https:\/\/www.borashockey.se\/wp-content\/uploads\/2024\/09\/unnamed-17-1024x576.jpg 1024w, https:\/\/www.borashockey.se\/wp-content\/uploads\/2024\/09\/unnamed-17-550x309.jpg 550w, https:\/\/www.borashockey.se\/wp-content\/uploads\/2024\/09\/unnamed-17-768x432.jpg 768w, https:\/\/www.borashockey.se\/wp-content\/uploads\/2024\/09\/unnamed-17-1536x864.jpg 1536w, https:\/\/www.borashockey.se\/wp-content\/uploads\/2024\/09\/unnamed-17-600x338.jpg 600w, https:\/\/www.borashockey.se\/wp-content\/uploads\/2024\/09\/unnamed-17-1200x675.jpg 1200w, https:\/\/www.borashockey.se\/wp-content\/uploads\/2024\/09\/unnamed-17-150x84.jpg 150w, https:\/\/www.borashockey.se\/wp-content\/uploads\/2024\/09\/unnamed-17.jpg 1920w\" sizes=\"(max-width: 1024px) 100vw, 1024px\" \/>\t\t\t\t\t<\/div>\n\t\t\t\t\t<a class=\"wd-fill\" href=\"https:\/\/www.borashockey.se\/a-lag\/seriepremiar-ikvall-mariestad-bois-boras-hc\/\"><\/a>\n\t\t\t\t\n\t\t\t\t\t\t\t\t\t\t\t\t<div class=\"wd-post-date wd-style-with-bg\">\n\t\t\t\t<span class=\"post-date-day\">\n\t\t\t\t\t21\t\t\t\t<\/span>\n\t\t\t\t<span class=\"post-date-month\">\n\t\t\t\t\tsep\t\t\t\t<\/span>\n\t\t\t<\/div>\n\t\t\t\t\t\t\t\t\t<\/div>\n\t\t\n\t\t<div class=\"wd-post-content article-body-container\">\n\t\t\t\t\t\t\t<div class=\"wd-post-cat wd-style-with-bg meta-post-categories\">\n\t\t\t\t\t<a href=\"https:\/\/www.borashockey.se\/category\/a-lag\/\" rel=\"category tag\">A-Lag<\/a>, <a href=\"https:\/\/www.borashockey.se\/category\/nyheter\/\" rel=\"category tag\">Klubbnyheter<\/a>\t\t\t\t<\/div>\n\t\t\t\n\t\t\t\t\t\t\t<h3 class=\"wd-post-title wd-entities-title title post-title\">\n\t\t\t\t\t<a href=\"https:\/\/www.borashockey.se\/a-lag\/seriepremiar-ikvall-mariestad-bois-boras-hc\/\" rel=\"bookmark\">SERIEPREMI\u00c4R IKV\u00c4LL! Mariestad BoIS &#8211; Bor\u00e5s HC<\/a>\n\t\t\t\t<\/h3>\n\t\t\t\n\t\t\t\t\t\t\t<div class=\"wd-post-meta\">\n\t\t\t\t\t\t\t\t\t\t\t\t\t\t\t<div class=\"wd-post-author\">\n\t\t\t\t\t\t\t\t\t\t\t<span>Postat av<\/span>\n\t\t\n\t\t\t\t\t<img alt='author-avatar' src='https:\/\/secure.gravatar.com\/avatar\/dccacba083d8660da447ece9932da1a85ba9dcd1dd571800cb1478dbf909aa89?s=18&#038;d=mm&#038;r=g' srcset='https:\/\/secure.gravatar.com\/avatar\/dccacba083d8660da447ece9932da1a85ba9dcd1dd571800cb1478dbf909aa89?s=36&#038;d=mm&#038;r=g 2x' class='avatar avatar-18 photo' height='18' width='18' decoding='async'\/>\t\t\n\t\t\t\t\t<a href=\"https:\/\/www.borashockey.se\/author\/media-borashockeygmail-com\/\" class=\"author\" rel=\"author\">Josefine Gustavsson<\/a>\n\t\t\t\t\t\t\t\t\t<\/div>\n\t\t\t\t\t<div class=\"wd-modified-date\">\n\t\t\t\t\t\t\t\t<time class=\"updated\" datetime=\"2024-09-21T09:08:50+02:00\">\n\t\t\t2024-09-21\t\t<\/time>\n\t\t\t\t\t\t\t<\/div>\n\n\t\t\t\t\t\t\t\t\t\t\t<div class=\"wd-post-share wd-tltp\">\n\t\t\t\t\t\t\t<div class=\"tooltip top\">\n\t\t\t\t\t\t\t\t<div class=\"tooltip-inner\">\n\t\t\t\t\t\t\t\t\t\t\t\t<div\n\t\t\t\t\t\tclass=\" wd-social-icons  wd-style-default wd-size-small social-share wd-shape-circle color-scheme-light text-center\">\n\t\t\t\t\n\t\t\t\t\n\t\t\t\t\t\t\t\t\t<a rel=\"noopener noreferrer nofollow\" href=\"https:\/\/www.facebook.com\/sharer\/sharer.php?u=https:\/\/www.borashockey.se\/a-lag\/seriepremiar-ikvall-mariestad-bois-boras-hc\/\" target=\"_blank\" class=\" wd-social-icon social-facebook\" aria-label=\"Facebook social link\">\n\t\t\t\t\t\t<span class=\"wd-icon\"><\/span>\n\t\t\t\t\t\t\t\t\t\t\t<\/a>\n\t\t\t\t\n\t\t\t\t\t\t\t\t\t<a rel=\"noopener noreferrer nofollow\" href=\"https:\/\/x.com\/share?url=https:\/\/www.borashockey.se\/a-lag\/seriepremiar-ikvall-mariestad-bois-boras-hc\/\" target=\"_blank\" class=\" wd-social-icon social-twitter\" aria-label=\"X social link\">\n\t\t\t\t\t\t<span class=\"wd-icon\"><\/span>\n\t\t\t\t\t\t\t\t\t\t\t<\/a>\n\t\t\t\t\n\t\t\t\t\n\t\t\t\t\t\t\t\t\t<a rel=\"noopener noreferrer nofollow\" href=\"mailto:?subject=Kolla%20detta%20https:\/\/www.borashockey.se\/a-lag\/seriepremiar-ikvall-mariestad-bois-boras-hc\/\" target=\"_blank\" class=\" wd-social-icon social-email\" aria-label=\"Email social link\">\n\t\t\t\t\t\t<span class=\"wd-icon\"><\/span>\n\t\t\t\t\t\t\t\t\t\t\t<\/a>\n\t\t\t\t\n\t\t\t\t\n\t\t\t\t\n\t\t\t\t\n\t\t\t\t\n\t\t\t\t\n\t\t\t\t\n\t\t\t\t\n\t\t\t\t\n\t\t\t\t\n\t\t\t\t\n\t\t\t\t\n\t\t\t\t\n\t\t\t\t\n\t\t\t\t\n\t\t\t\t\n\t\t\t\t\n\t\t\t\t\n\t\t\t\t\n\t\t\t\t\n\t\t\t\t\n\t\t\t\t\n\t\t\t\t\n\t\t\t<\/div>\n\n\t\t\t\t\t\t\t\t\t\t<\/div>\n\t\t\t\t\t\t\t\t<div class=\"tooltip-arrow\"><\/div>\n\t\t\t\t\t\t\t<\/div>\n\t\t\t\t\t\t<\/div>\n\t\t\t\t\t\n\t\t\t\t\t\t\t\t\t<\/div>\n\t\t\t\n\t\t\t\t\t\t\t\t\t\t\t\t<div class=\"wd-post-excerpt entry-content\">\n\t\t\t\t\t\t\u00c4ntligen \u00e4r dagen h\u00e4r! Dagen vi v\u00e4ntat p\u00e5 under flera m\u00e5nader! Det har blivit dags f\u00f6r seriepremi\u00e4r!\r\nVi rivst...\t\t\t\t\t<\/div>\n\t\t\t\t\n\t\t\t\t\t\t\t\t\t\t\t\t\t\t<div class=\"wd-post-read-more wd-style-link read-more-section\">\n\t\t\t\t\t\t<a class=\"\" href=\"https:\/\/www.borashockey.se\/a-lag\/seriepremiar-ikvall-mariestad-bois-boras-hc\/\">Forts\u00e4tt l\u00e4sa<\/a>\t\t\t\t\t<\/div>\n\t\t\t\t\t\t\t\t\t\t\t\t\t<\/div>\n\t<\/div>\n<\/article>\n\n\t\t\t\t\t\t\t\t\t\t\t\n<article id=\"post-24516\" class=\"wd-post blog-design-default blog-post-loop blog-style-bg wd-add-shadow wd-col post-24516 post type-post status-publish format-standard has-post-thumbnail hentry category-a-lag category-nyheter\">\n\t<div class=\"wd-post-inner article-inner\">\n\t\t\t\t\t<div class=\"wd-post-thumb entry-header\">\n\t\t\t\t\t\t\t\t\t<div class=\"wd-post-img post-img-wrapp\">\n\t\t\t\t\t\t<img width=\"1024\" height=\"658\" src=\"https:\/\/www.borashockey.se\/wp-content\/uploads\/2024\/09\/unnamed-16-1024x658.jpg\" class=\"attachment-large size-large\" alt=\"\" decoding=\"async\" srcset=\"https:\/\/www.borashockey.se\/wp-content\/uploads\/2024\/09\/unnamed-16-1024x658.jpg 1024w, https:\/\/www.borashockey.se\/wp-content\/uploads\/2024\/09\/unnamed-16-550x353.jpg 550w, https:\/\/www.borashockey.se\/wp-content\/uploads\/2024\/09\/unnamed-16-768x494.jpg 768w, https:\/\/www.borashockey.se\/wp-content\/uploads\/2024\/09\/unnamed-16-1536x987.jpg 1536w, https:\/\/www.borashockey.se\/wp-content\/uploads\/2024\/09\/unnamed-16-600x386.jpg 600w, https:\/\/www.borashockey.se\/wp-content\/uploads\/2024\/09\/unnamed-16-1200x771.jpg 1200w, https:\/\/www.borashockey.se\/wp-content\/uploads\/2024\/09\/unnamed-16-150x96.jpg 150w, https:\/\/www.borashockey.se\/wp-content\/uploads\/2024\/09\/unnamed-16.jpg 2048w\" sizes=\"(max-width: 1024px) 100vw, 1024px\" \/>\t\t\t\t\t<\/div>\n\t\t\t\t\t<a class=\"wd-fill\" href=\"https:\/\/www.borashockey.se\/a-lag\/henke-visade-vagen-nar-viggo-storspelade\/\"><\/a>\n\t\t\t\t\n\t\t\t\t\t\t\t\t\t\t\t\t<div class=\"wd-post-date wd-style-with-bg\">\n\t\t\t\t<span class=\"post-date-day\">\n\t\t\t\t\t18\t\t\t\t<\/span>\n\t\t\t\t<span class=\"post-date-month\">\n\t\t\t\t\tsep\t\t\t\t<\/span>\n\t\t\t<\/div>\n\t\t\t\t\t\t\t\t\t<\/div>\n\t\t\n\t\t<div class=\"wd-post-content article-body-container\">\n\t\t\t\t\t\t\t<div class=\"wd-post-cat wd-style-with-bg meta-post-categories\">\n\t\t\t\t\t<a href=\"https:\/\/www.borashockey.se\/category\/a-lag\/\" rel=\"category tag\">A-Lag<\/a>, <a href=\"https:\/\/www.borashockey.se\/category\/nyheter\/\" rel=\"category tag\">Klubbnyheter<\/a>\t\t\t\t<\/div>\n\t\t\t\n\t\t\t\t\t\t\t<h3 class=\"wd-post-title wd-entities-title title post-title\">\n\t\t\t\t\t<a href=\"https:\/\/www.borashockey.se\/a-lag\/henke-visade-vagen-nar-viggo-storspelade\/\" rel=\"bookmark\">Henke visade v\u00e4gen n\u00e4r Viggo storspelade!<\/a>\n\t\t\t\t<\/h3>\n\t\t\t\n\t\t\t\t\t\t\t<div class=\"wd-post-meta\">\n\t\t\t\t\t\t\t\t\t\t\t\t\t\t\t<div class=\"wd-post-author\">\n\t\t\t\t\t\t\t\t\t\t\t<span>Postat av<\/span>\n\t\t\n\t\t\t\t\t<img alt='author-avatar' src='https:\/\/secure.gravatar.com\/avatar\/dccacba083d8660da447ece9932da1a85ba9dcd1dd571800cb1478dbf909aa89?s=18&#038;d=mm&#038;r=g' srcset='https:\/\/secure.gravatar.com\/avatar\/dccacba083d8660da447ece9932da1a85ba9dcd1dd571800cb1478dbf909aa89?s=36&#038;d=mm&#038;r=g 2x' class='avatar avatar-18 photo' height='18' width='18' decoding='async'\/>\t\t\n\t\t\t\t\t<a href=\"https:\/\/www.borashockey.se\/author\/media-borashockeygmail-com\/\" class=\"author\" rel=\"author\">Josefine Gustavsson<\/a>\n\t\t\t\t\t\t\t\t\t<\/div>\n\t\t\t\t\t<div class=\"wd-modified-date\">\n\t\t\t\t\t\t\t\t<time class=\"updated\" datetime=\"2024-09-18T11:38:51+02:00\">\n\t\t\t2024-09-18\t\t<\/time>\n\t\t\t\t\t\t\t<\/div>\n\n\t\t\t\t\t\t\t\t\t\t\t<div class=\"wd-post-share wd-tltp\">\n\t\t\t\t\t\t\t<div class=\"tooltip top\">\n\t\t\t\t\t\t\t\t<div class=\"tooltip-inner\">\n\t\t\t\t\t\t\t\t\t\t\t\t<div\n\t\t\t\t\t\tclass=\" wd-social-icons  wd-style-default wd-size-small social-share wd-shape-circle color-scheme-light text-center\">\n\t\t\t\t\n\t\t\t\t\n\t\t\t\t\t\t\t\t\t<a rel=\"noopener noreferrer nofollow\" href=\"https:\/\/www.facebook.com\/sharer\/sharer.php?u=https:\/\/www.borashockey.se\/a-lag\/henke-visade-vagen-nar-viggo-storspelade\/\" target=\"_blank\" class=\" wd-social-icon social-facebook\" aria-label=\"Facebook social link\">\n\t\t\t\t\t\t<span class=\"wd-icon\"><\/span>\n\t\t\t\t\t\t\t\t\t\t\t<\/a>\n\t\t\t\t\n\t\t\t\t\t\t\t\t\t<a rel=\"noopener noreferrer nofollow\" href=\"https:\/\/x.com\/share?url=https:\/\/www.borashockey.se\/a-lag\/henke-visade-vagen-nar-viggo-storspelade\/\" target=\"_blank\" class=\" wd-social-icon social-twitter\" aria-label=\"X social link\">\n\t\t\t\t\t\t<span class=\"wd-icon\"><\/span>\n\t\t\t\t\t\t\t\t\t\t\t<\/a>\n\t\t\t\t\n\t\t\t\t\n\t\t\t\t\t\t\t\t\t<a rel=\"noopener noreferrer nofollow\" href=\"mailto:?subject=Kolla%20detta%20https:\/\/www.borashockey.se\/a-lag\/henke-visade-vagen-nar-viggo-storspelade\/\" target=\"_blank\" class=\" wd-social-icon social-email\" aria-label=\"Email social link\">\n\t\t\t\t\t\t<span class=\"wd-icon\"><\/span>\n\t\t\t\t\t\t\t\t\t\t\t<\/a>\n\t\t\t\t\n\t\t\t\t\n\t\t\t\t\n\t\t\t\t\n\t\t\t\t\n\t\t\t\t\n\t\t\t\t\n\t\t\t\t\n\t\t\t\t\n\t\t\t\t\n\t\t\t\t\n\t\t\t\t\n\t\t\t\t\n\t\t\t\t\n\t\t\t\t\n\t\t\t\t\n\t\t\t\t\n\t\t\t\t\n\t\t\t\t\n\t\t\t\t\n\t\t\t\t\n\t\t\t\t\n\t\t\t\t\n\t\t\t<\/div>\n\n\t\t\t\t\t\t\t\t\t\t<\/div>\n\t\t\t\t\t\t\t\t<div class=\"tooltip-arrow\"><\/div>\n\t\t\t\t\t\t\t<\/div>\n\t\t\t\t\t\t<\/div>\n\t\t\t\t\t\n\t\t\t\t\t\t\t\t\t<\/div>\n\t\t\t\n\t\t\t\t\t\t\t\t\t\t\t\t<div class=\"wd-post-excerpt entry-content\">\n\t\t\t\t\t\tFoto: Anders Gustafsson\r\nKapten Henke klev fram och visade v\u00e4gen till segern n\u00e4r Viggo Andr\u00e9n storspelade i ka...\t\t\t\t\t<\/div>\n\t\t\t\t\n\t\t\t\t\t\t\t\t\t\t\t\t\t\t<div class=\"wd-post-read-more wd-style-link read-more-section\">\n\t\t\t\t\t\t<a class=\"\" href=\"https:\/\/www.borashockey.se\/a-lag\/henke-visade-vagen-nar-viggo-storspelade\/\">Forts\u00e4tt l\u00e4sa<\/a>\t\t\t\t\t<\/div>\n\t\t\t\t\t\t\t\t\t\t\t\t\t<\/div>\n\t<\/div>\n<\/article>\n\n\t\t\t\t\t\t\t\t\t\t\t\n<article id=\"post-24501\" class=\"wd-post blog-design-default blog-post-loop blog-style-bg wd-add-shadow wd-col post-24501 post type-post status-publish format-standard has-post-thumbnail hentry category-a-lag category-nyheter\">\n\t<div class=\"wd-post-inner article-inner\">\n\t\t\t\t\t<div class=\"wd-post-thumb entry-header\">\n\t\t\t\t\t\t\t\t\t<div class=\"wd-post-img post-img-wrapp\">\n\t\t\t\t\t\t<img width=\"1024\" height=\"576\" src=\"https:\/\/www.borashockey.se\/wp-content\/uploads\/2024\/09\/unnamed-10-1024x576.jpg\" class=\"attachment-large size-large\" alt=\"\" decoding=\"async\" srcset=\"https:\/\/www.borashockey.se\/wp-content\/uploads\/2024\/09\/unnamed-10-1024x576.jpg 1024w, https:\/\/www.borashockey.se\/wp-content\/uploads\/2024\/09\/unnamed-10-550x309.jpg 550w, https:\/\/www.borashockey.se\/wp-content\/uploads\/2024\/09\/unnamed-10-768x432.jpg 768w, https:\/\/www.borashockey.se\/wp-content\/uploads\/2024\/09\/unnamed-10-1536x864.jpg 1536w, https:\/\/www.borashockey.se\/wp-content\/uploads\/2024\/09\/unnamed-10-600x338.jpg 600w, https:\/\/www.borashockey.se\/wp-content\/uploads\/2024\/09\/unnamed-10-1200x675.jpg 1200w, https:\/\/www.borashockey.se\/wp-content\/uploads\/2024\/09\/unnamed-10-150x84.jpg 150w, https:\/\/www.borashockey.se\/wp-content\/uploads\/2024\/09\/unnamed-10.jpg 1920w\" sizes=\"(max-width: 1024px) 100vw, 1024px\" \/>\t\t\t\t\t<\/div>\n\t\t\t\t\t<a class=\"wd-fill\" href=\"https:\/\/www.borashockey.se\/a-lag\/vi-forlanger-med-matias-sointu\/\"><\/a>\n\t\t\t\t\n\t\t\t\t\t\t\t\t\t\t\t\t<div class=\"wd-post-date wd-style-with-bg\">\n\t\t\t\t<span class=\"post-date-day\">\n\t\t\t\t\t17\t\t\t\t<\/span>\n\t\t\t\t<span class=\"post-date-month\">\n\t\t\t\t\tsep\t\t\t\t<\/span>\n\t\t\t<\/div>\n\t\t\t\t\t\t\t\t\t<\/div>\n\t\t\n\t\t<div class=\"wd-post-content article-body-container\">\n\t\t\t\t\t\t\t<div class=\"wd-post-cat wd-style-with-bg meta-post-categories\">\n\t\t\t\t\t<a href=\"https:\/\/www.borashockey.se\/category\/a-lag\/\" rel=\"category tag\">A-Lag<\/a>, <a href=\"https:\/\/www.borashockey.se\/category\/nyheter\/\" rel=\"category tag\">Klubbnyheter<\/a>\t\t\t\t<\/div>\n\t\t\t\n\t\t\t\t\t\t\t<h3 class=\"wd-post-title wd-entities-title title post-title\">\n\t\t\t\t\t<a href=\"https:\/\/www.borashockey.se\/a-lag\/vi-forlanger-med-matias-sointu\/\" rel=\"bookmark\">Vi f\u00f6rl\u00e4nger med Matias Sointu!<\/a>\n\t\t\t\t<\/h3>\n\t\t\t\n\t\t\t\t\t\t\t<div class=\"wd-post-meta\">\n\t\t\t\t\t\t\t\t\t\t\t\t\t\t\t<div class=\"wd-post-author\">\n\t\t\t\t\t\t\t\t\t\t\t<span>Postat av<\/span>\n\t\t\n\t\t\t\t\t<img alt='author-avatar' src='https:\/\/secure.gravatar.com\/avatar\/dccacba083d8660da447ece9932da1a85ba9dcd1dd571800cb1478dbf909aa89?s=18&#038;d=mm&#038;r=g' srcset='https:\/\/secure.gravatar.com\/avatar\/dccacba083d8660da447ece9932da1a85ba9dcd1dd571800cb1478dbf909aa89?s=36&#038;d=mm&#038;r=g 2x' class='avatar avatar-18 photo' height='18' width='18' decoding='async'\/>\t\t\n\t\t\t\t\t<a href=\"https:\/\/www.borashockey.se\/author\/media-borashockeygmail-com\/\" class=\"author\" rel=\"author\">Josefine Gustavsson<\/a>\n\t\t\t\t\t\t\t\t\t<\/div>\n\t\t\t\t\t<div class=\"wd-modified-date\">\n\t\t\t\t\t\t\t\t<time class=\"updated\" datetime=\"2024-09-17T21:30:35+02:00\">\n\t\t\t2024-09-17\t\t<\/time>\n\t\t\t\t\t\t\t<\/div>\n\n\t\t\t\t\t\t\t\t\t\t\t<div class=\"wd-post-share wd-tltp\">\n\t\t\t\t\t\t\t<div class=\"tooltip top\">\n\t\t\t\t\t\t\t\t<div class=\"tooltip-inner\">\n\t\t\t\t\t\t\t\t\t\t\t\t<div\n\t\t\t\t\t\tclass=\" wd-social-icons  wd-style-default wd-size-small social-share wd-shape-circle color-scheme-light text-center\">\n\t\t\t\t\n\t\t\t\t\n\t\t\t\t\t\t\t\t\t<a rel=\"noopener noreferrer nofollow\" href=\"https:\/\/www.facebook.com\/sharer\/sharer.php?u=https:\/\/www.borashockey.se\/a-lag\/vi-forlanger-med-matias-sointu\/\" target=\"_blank\" class=\" wd-social-icon social-facebook\" aria-label=\"Facebook social link\">\n\t\t\t\t\t\t<span class=\"wd-icon\"><\/span>\n\t\t\t\t\t\t\t\t\t\t\t<\/a>\n\t\t\t\t\n\t\t\t\t\t\t\t\t\t<a rel=\"noopener noreferrer nofollow\" href=\"https:\/\/x.com\/share?url=https:\/\/www.borashockey.se\/a-lag\/vi-forlanger-med-matias-sointu\/\" target=\"_blank\" class=\" wd-social-icon social-twitter\" aria-label=\"X social link\">\n\t\t\t\t\t\t<span class=\"wd-icon\"><\/span>\n\t\t\t\t\t\t\t\t\t\t\t<\/a>\n\t\t\t\t\n\t\t\t\t\n\t\t\t\t\t\t\t\t\t<a rel=\"noopener noreferrer nofollow\" href=\"mailto:?subject=Kolla%20detta%20https:\/\/www.borashockey.se\/a-lag\/vi-forlanger-med-matias-sointu\/\" target=\"_blank\" class=\" wd-social-icon social-email\" aria-label=\"Email social link\">\n\t\t\t\t\t\t<span class=\"wd-icon\"><\/span>\n\t\t\t\t\t\t\t\t\t\t\t<\/a>\n\t\t\t\t\n\t\t\t\t\n\t\t\t\t\n\t\t\t\t\n\t\t\t\t\n\t\t\t\t\n\t\t\t\t\n\t\t\t\t\n\t\t\t\t\n\t\t\t\t\n\t\t\t\t\n\t\t\t\t\n\t\t\t\t\n\t\t\t\t\n\t\t\t\t\n\t\t\t\t\n\t\t\t\t\n\t\t\t\t\n\t\t\t\t\n\t\t\t\t\n\t\t\t\t\n\t\t\t\t\n\t\t\t\t\n\t\t\t<\/div>\n\n\t\t\t\t\t\t\t\t\t\t<\/div>\n\t\t\t\t\t\t\t\t<div class=\"tooltip-arrow\"><\/div>\n\t\t\t\t\t\t\t<\/div>\n\t\t\t\t\t\t<\/div>\n\t\t\t\t\t\n\t\t\t\t\t\t\t\t\t<\/div>\n\t\t\t\n\t\t\t\t\t\t\t\t\t\t\t\t<div class=\"wd-post-excerpt entry-content\">\n\t\t\t\t\t\tMatias Sointu f\u00f6rl\u00e4nger med klubben!\r\nUnder matchen idag presenterades som sagt en spelare mellan andra och tr...\t\t\t\t\t<\/div>\n\t\t\t\t\n\t\t\t\t\t\t\t\t\t\t\t\t\t\t<div class=\"wd-post-read-more wd-style-link read-more-section\">\n\t\t\t\t\t\t<a class=\"\" href=\"https:\/\/www.borashockey.se\/a-lag\/vi-forlanger-med-matias-sointu\/\">Forts\u00e4tt l\u00e4sa<\/a>\t\t\t\t\t<\/div>\n\t\t\t\t\t\t\t\t\t\t\t\t\t<\/div>\n\t<\/div>\n<\/article>\n\n\t\t\t\t\t\t\t\t\t\t\t\n<article id=\"post-24504\" class=\"wd-post blog-design-default blog-post-loop blog-style-bg wd-add-shadow wd-col post-24504 post type-post status-publish format-standard has-post-thumbnail hentry category-a-lag category-nyheter\">\n\t<div class=\"wd-post-inner article-inner\">\n\t\t\t\t\t<div class=\"wd-post-thumb entry-header\">\n\t\t\t\t\t\t\t\t\t<div class=\"wd-post-img post-img-wrapp\">\n\t\t\t\t\t\t<img width=\"1024\" height=\"576\" src=\"https:\/\/www.borashockey.se\/wp-content\/uploads\/2024\/09\/unnamed-11-1024x576.jpg\" class=\"attachment-large size-large\" alt=\"\" decoding=\"async\" srcset=\"https:\/\/www.borashockey.se\/wp-content\/uploads\/2024\/09\/unnamed-11-1024x576.jpg 1024w, https:\/\/www.borashockey.se\/wp-content\/uploads\/2024\/09\/unnamed-11-550x309.jpg 550w, https:\/\/www.borashockey.se\/wp-content\/uploads\/2024\/09\/unnamed-11-768x432.jpg 768w, https:\/\/www.borashockey.se\/wp-content\/uploads\/2024\/09\/unnamed-11-1536x864.jpg 1536w, https:\/\/www.borashockey.se\/wp-content\/uploads\/2024\/09\/unnamed-11-600x338.jpg 600w, https:\/\/www.borashockey.se\/wp-content\/uploads\/2024\/09\/unnamed-11-1200x675.jpg 1200w, https:\/\/www.borashockey.se\/wp-content\/uploads\/2024\/09\/unnamed-11-150x84.jpg 150w, https:\/\/www.borashockey.se\/wp-content\/uploads\/2024\/09\/unnamed-11.jpg 1920w\" sizes=\"(max-width: 1024px) 100vw, 1024px\" \/>\t\t\t\t\t<\/div>\n\t\t\t\t\t<a class=\"wd-fill\" href=\"https:\/\/www.borashockey.se\/a-lag\/spelarpresentation-gameday-traningsmatch-5-boras-hc-mjolby-hc\/\"><\/a>\n\t\t\t\t\n\t\t\t\t\t\t\t\t\t\t\t\t<div class=\"wd-post-date wd-style-with-bg\">\n\t\t\t\t<span class=\"post-date-day\">\n\t\t\t\t\t17\t\t\t\t<\/span>\n\t\t\t\t<span class=\"post-date-month\">\n\t\t\t\t\tsep\t\t\t\t<\/span>\n\t\t\t<\/div>\n\t\t\t\t\t\t\t\t\t<\/div>\n\t\t\n\t\t<div class=\"wd-post-content article-body-container\">\n\t\t\t\t\t\t\t<div class=\"wd-post-cat wd-style-with-bg meta-post-categories\">\n\t\t\t\t\t<a href=\"https:\/\/www.borashockey.se\/category\/a-lag\/\" rel=\"category tag\">A-Lag<\/a>, <a href=\"https:\/\/www.borashockey.se\/category\/nyheter\/\" rel=\"category tag\">Klubbnyheter<\/a>\t\t\t\t<\/div>\n\t\t\t\n\t\t\t\t\t\t\t<h3 class=\"wd-post-title wd-entities-title title post-title\">\n\t\t\t\t\t<a href=\"https:\/\/www.borashockey.se\/a-lag\/spelarpresentation-gameday-traningsmatch-5-boras-hc-mjolby-hc\/\" rel=\"bookmark\">SPELARPRESENTATION &#038; GAMEDAY! Tr\u00e4ningsmatch 5: Bor\u00e5s HC &#8211; Mj\u00f6lby HC<\/a>\n\t\t\t\t<\/h3>\n\t\t\t\n\t\t\t\t\t\t\t<div class=\"wd-post-meta\">\n\t\t\t\t\t\t\t\t\t\t\t\t\t\t\t<div class=\"wd-post-author\">\n\t\t\t\t\t\t\t\t\t\t\t<span>Postat av<\/span>\n\t\t\n\t\t\t\t\t<img alt='author-avatar' src='https:\/\/secure.gravatar.com\/avatar\/dccacba083d8660da447ece9932da1a85ba9dcd1dd571800cb1478dbf909aa89?s=18&#038;d=mm&#038;r=g' srcset='https:\/\/secure.gravatar.com\/avatar\/dccacba083d8660da447ece9932da1a85ba9dcd1dd571800cb1478dbf909aa89?s=36&#038;d=mm&#038;r=g 2x' class='avatar avatar-18 photo' height='18' width='18' decoding='async'\/>\t\t\n\t\t\t\t\t<a href=\"https:\/\/www.borashockey.se\/author\/media-borashockeygmail-com\/\" class=\"author\" rel=\"author\">Josefine Gustavsson<\/a>\n\t\t\t\t\t\t\t\t\t<\/div>\n\t\t\t\t\t<div class=\"wd-modified-date\">\n\t\t\t\t\t\t\t\t<time class=\"updated\" datetime=\"2024-09-17T07:04:03+02:00\">\n\t\t\t2024-09-17\t\t<\/time>\n\t\t\t\t\t\t\t<\/div>\n\n\t\t\t\t\t\t\t\t\t\t\t<div class=\"wd-post-share wd-tltp\">\n\t\t\t\t\t\t\t<div class=\"tooltip top\">\n\t\t\t\t\t\t\t\t<div class=\"tooltip-inner\">\n\t\t\t\t\t\t\t\t\t\t\t\t<div\n\t\t\t\t\t\tclass=\" wd-social-icons  wd-style-default wd-size-small social-share wd-shape-circle color-scheme-light text-center\">\n\t\t\t\t\n\t\t\t\t\n\t\t\t\t\t\t\t\t\t<a rel=\"noopener noreferrer nofollow\" href=\"https:\/\/www.facebook.com\/sharer\/sharer.php?u=https:\/\/www.borashockey.se\/a-lag\/spelarpresentation-gameday-traningsmatch-5-boras-hc-mjolby-hc\/\" target=\"_blank\" class=\" wd-social-icon social-facebook\" aria-label=\"Facebook social link\">\n\t\t\t\t\t\t<span class=\"wd-icon\"><\/span>\n\t\t\t\t\t\t\t\t\t\t\t<\/a>\n\t\t\t\t\n\t\t\t\t\t\t\t\t\t<a rel=\"noopener noreferrer nofollow\" href=\"https:\/\/x.com\/share?url=https:\/\/www.borashockey.se\/a-lag\/spelarpresentation-gameday-traningsmatch-5-boras-hc-mjolby-hc\/\" target=\"_blank\" class=\" wd-social-icon social-twitter\" aria-label=\"X social link\">\n\t\t\t\t\t\t<span class=\"wd-icon\"><\/span>\n\t\t\t\t\t\t\t\t\t\t\t<\/a>\n\t\t\t\t\n\t\t\t\t\n\t\t\t\t\t\t\t\t\t<a rel=\"noopener noreferrer nofollow\" href=\"mailto:?subject=Kolla%20detta%20https:\/\/www.borashockey.se\/a-lag\/spelarpresentation-gameday-traningsmatch-5-boras-hc-mjolby-hc\/\" target=\"_blank\" class=\" wd-social-icon social-email\" aria-label=\"Email social link\">\n\t\t\t\t\t\t<span class=\"wd-icon\"><\/span>\n\t\t\t\t\t\t\t\t\t\t\t<\/a>\n\t\t\t\t\n\t\t\t\t\n\t\t\t\t\n\t\t\t\t\n\t\t\t\t\n\t\t\t\t\n\t\t\t\t\n\t\t\t\t\n\t\t\t\t\n\t\t\t\t\n\t\t\t\t\n\t\t\t\t\n\t\t\t\t\n\t\t\t\t\n\t\t\t\t\n\t\t\t\t\n\t\t\t\t\n\t\t\t\t\n\t\t\t\t\n\t\t\t\t\n\t\t\t\t\n\t\t\t\t\n\t\t\t\t\n\t\t\t<\/div>\n\n\t\t\t\t\t\t\t\t\t\t<\/div>\n\t\t\t\t\t\t\t\t<div class=\"tooltip-arrow\"><\/div>\n\t\t\t\t\t\t\t<\/div>\n\t\t\t\t\t\t<\/div>\n\t\t\t\t\t\n\t\t\t\t\t\t\t\t\t<\/div>\n\t\t\t\n\t\t\t\t\t\t\t\t\t\t\t\t<div class=\"wd-post-excerpt entry-content\">\n\t\t\t\t\t\tIkv\u00e4ll \u00e4r det dags f\u00f6r sista tr\u00e4ningsmatchen innan serien drar ig\u00e5ng borta mot Mariestad p\u00e5 l\u00f6rdag. Under matc...\t\t\t\t\t<\/div>\n\t\t\t\t\n\t\t\t\t\t\t\t\t\t\t\t\t\t\t<div class=\"wd-post-read-more wd-style-link read-more-section\">\n\t\t\t\t\t\t<a class=\"\" href=\"https:\/\/www.borashockey.se\/a-lag\/spelarpresentation-gameday-traningsmatch-5-boras-hc-mjolby-hc\/\">Forts\u00e4tt l\u00e4sa<\/a>\t\t\t\t\t<\/div>\n\t\t\t\t\t\t\t\t\t\t\t\t\t<\/div>\n\t<\/div>\n<\/article>\n\n\t\t\t\t\t\t\t\t\t\t\t\n<article id=\"post-24433\" class=\"wd-post blog-design-default blog-post-loop blog-style-bg wd-add-shadow wd-col post-24433 post type-post status-publish format-standard has-post-thumbnail hentry category-a-lag category-nyheter\">\n\t<div class=\"wd-post-inner article-inner\">\n\t\t\t\t\t<div class=\"wd-post-thumb entry-header\">\n\t\t\t\t\t\t\t\t\t<div class=\"wd-post-img post-img-wrapp\">\n\t\t\t\t\t\t<img width=\"1024\" height=\"682\" src=\"https:\/\/www.borashockey.se\/wp-content\/uploads\/2024\/09\/unnamed-9-1024x682.jpg\" class=\"attachment-large size-large\" alt=\"\" decoding=\"async\" srcset=\"https:\/\/www.borashockey.se\/wp-content\/uploads\/2024\/09\/unnamed-9-1024x682.jpg 1024w, https:\/\/www.borashockey.se\/wp-content\/uploads\/2024\/09\/unnamed-9-550x367.jpg 550w, https:\/\/www.borashockey.se\/wp-content\/uploads\/2024\/09\/unnamed-9-768x512.jpg 768w, https:\/\/www.borashockey.se\/wp-content\/uploads\/2024\/09\/unnamed-9-1536x1024.jpg 1536w, https:\/\/www.borashockey.se\/wp-content\/uploads\/2024\/09\/unnamed-9-600x400.jpg 600w, https:\/\/www.borashockey.se\/wp-content\/uploads\/2024\/09\/unnamed-9-1200x800.jpg 1200w, https:\/\/www.borashockey.se\/wp-content\/uploads\/2024\/09\/unnamed-9-150x100.jpg 150w, https:\/\/www.borashockey.se\/wp-content\/uploads\/2024\/09\/unnamed-9.jpg 1751w\" sizes=\"(max-width: 1024px) 100vw, 1024px\" \/>\t\t\t\t\t<\/div>\n\t\t\t\t\t<a class=\"wd-fill\" href=\"https:\/\/www.borashockey.se\/a-lag\/fjarde-raka-segern\/\"><\/a>\n\t\t\t\t\n\t\t\t\t\t\t\t\t\t\t\t\t<div class=\"wd-post-date wd-style-with-bg\">\n\t\t\t\t<span class=\"post-date-day\">\n\t\t\t\t\t11\t\t\t\t<\/span>\n\t\t\t\t<span class=\"post-date-month\">\n\t\t\t\t\tsep\t\t\t\t<\/span>\n\t\t\t<\/div>\n\t\t\t\t\t\t\t\t\t<\/div>\n\t\t\n\t\t<div class=\"wd-post-content article-body-container\">\n\t\t\t\t\t\t\t<div class=\"wd-post-cat wd-style-with-bg meta-post-categories\">\n\t\t\t\t\t<a href=\"https:\/\/www.borashockey.se\/category\/a-lag\/\" rel=\"category tag\">A-Lag<\/a>, <a href=\"https:\/\/www.borashockey.se\/category\/nyheter\/\" rel=\"category tag\">Klubbnyheter<\/a>\t\t\t\t<\/div>\n\t\t\t\n\t\t\t\t\t\t\t<h3 class=\"wd-post-title wd-entities-title title post-title\">\n\t\t\t\t\t<a href=\"https:\/\/www.borashockey.se\/a-lag\/fjarde-raka-segern\/\" rel=\"bookmark\">Fj\u00e4rde raka segern!<\/a>\n\t\t\t\t<\/h3>\n\t\t\t\n\t\t\t\t\t\t\t<div class=\"wd-post-meta\">\n\t\t\t\t\t\t\t\t\t\t\t\t\t\t\t<div class=\"wd-post-author\">\n\t\t\t\t\t\t\t\t\t\t\t<span>Postat av<\/span>\n\t\t\n\t\t\t\t\t<img alt='author-avatar' src='https:\/\/secure.gravatar.com\/avatar\/dccacba083d8660da447ece9932da1a85ba9dcd1dd571800cb1478dbf909aa89?s=18&#038;d=mm&#038;r=g' srcset='https:\/\/secure.gravatar.com\/avatar\/dccacba083d8660da447ece9932da1a85ba9dcd1dd571800cb1478dbf909aa89?s=36&#038;d=mm&#038;r=g 2x' class='avatar avatar-18 photo' height='18' width='18' decoding='async'\/>\t\t\n\t\t\t\t\t<a href=\"https:\/\/www.borashockey.se\/author\/media-borashockeygmail-com\/\" class=\"author\" rel=\"author\">Josefine Gustavsson<\/a>\n\t\t\t\t\t\t\t\t\t<\/div>\n\t\t\t\t\t<div class=\"wd-modified-date\">\n\t\t\t\t\t\t\t\t<time class=\"updated\" datetime=\"2024-09-11T22:07:36+02:00\">\n\t\t\t2024-09-11\t\t<\/time>\n\t\t\t\t\t\t\t<\/div>\n\n\t\t\t\t\t\t\t\t\t\t\t<div class=\"wd-post-share wd-tltp\">\n\t\t\t\t\t\t\t<div class=\"tooltip top\">\n\t\t\t\t\t\t\t\t<div class=\"tooltip-inner\">\n\t\t\t\t\t\t\t\t\t\t\t\t<div\n\t\t\t\t\t\tclass=\" wd-social-icons  wd-style-default wd-size-small social-share wd-shape-circle color-scheme-light text-center\">\n\t\t\t\t\n\t\t\t\t\n\t\t\t\t\t\t\t\t\t<a rel=\"noopener noreferrer nofollow\" href=\"https:\/\/www.facebook.com\/sharer\/sharer.php?u=https:\/\/www.borashockey.se\/a-lag\/fjarde-raka-segern\/\" target=\"_blank\" class=\" wd-social-icon social-facebook\" aria-label=\"Facebook social link\">\n\t\t\t\t\t\t<span class=\"wd-icon\"><\/span>\n\t\t\t\t\t\t\t\t\t\t\t<\/a>\n\t\t\t\t\n\t\t\t\t\t\t\t\t\t<a rel=\"noopener noreferrer nofollow\" href=\"https:\/\/x.com\/share?url=https:\/\/www.borashockey.se\/a-lag\/fjarde-raka-segern\/\" target=\"_blank\" class=\" wd-social-icon social-twitter\" aria-label=\"X social link\">\n\t\t\t\t\t\t<span class=\"wd-icon\"><\/span>\n\t\t\t\t\t\t\t\t\t\t\t<\/a>\n\t\t\t\t\n\t\t\t\t\n\t\t\t\t\t\t\t\t\t<a rel=\"noopener noreferrer nofollow\" href=\"mailto:?subject=Kolla%20detta%20https:\/\/www.borashockey.se\/a-lag\/fjarde-raka-segern\/\" target=\"_blank\" class=\" wd-social-icon social-email\" aria-label=\"Email social link\">\n\t\t\t\t\t\t<span class=\"wd-icon\"><\/span>\n\t\t\t\t\t\t\t\t\t\t\t<\/a>\n\t\t\t\t\n\t\t\t\t\n\t\t\t\t\n\t\t\t\t\n\t\t\t\t\n\t\t\t\t\n\t\t\t\t\n\t\t\t\t\n\t\t\t\t\n\t\t\t\t\n\t\t\t\t\n\t\t\t\t\n\t\t\t\t\n\t\t\t\t\n\t\t\t\t\n\t\t\t\t\n\t\t\t\t\n\t\t\t\t\n\t\t\t\t\n\t\t\t\t\n\t\t\t\t\n\t\t\t\t\n\t\t\t\t\n\t\t\t<\/div>\n\n\t\t\t\t\t\t\t\t\t\t<\/div>\n\t\t\t\t\t\t\t\t<div class=\"tooltip-arrow\"><\/div>\n\t\t\t\t\t\t\t<\/div>\n\t\t\t\t\t\t<\/div>\n\t\t\t\t\t\n\t\t\t\t\t\t\t\t\t<\/div>\n\t\t\t\n\t\t\t\t\t\t\t\t\t\t\t\t<div class=\"wd-post-excerpt entry-content\">\n\t\t\t\t\t\tFoto: Anders Gustafsson\r\nIkv\u00e4ll tog BHC sin fj\u00e4rde raka seger i f\u00f6rs\u00e4songen n\u00e4r Tran\u00e5s g\u00e4stade Bor\u00e5s Ishall.\r\n...\t\t\t\t\t<\/div>\n\t\t\t\t\n\t\t\t\t\t\t\t\t\t\t\t\t\t\t<div class=\"wd-post-read-more wd-style-link read-more-section\">\n\t\t\t\t\t\t<a class=\"\" href=\"https:\/\/www.borashockey.se\/a-lag\/fjarde-raka-segern\/\">Forts\u00e4tt l\u00e4sa<\/a>\t\t\t\t\t<\/div>\n\t\t\t\t\t\t\t\t\t\t\t\t\t<\/div>\n\t<\/div>\n<\/article>\n\n\t\t\t\t\t\t\t\t\t\t\t\n<article id=\"post-24421\" class=\"wd-post blog-design-default blog-post-loop blog-style-bg wd-add-shadow wd-col post-24421 post type-post status-publish format-standard has-post-thumbnail hentry category-a-lag category-nyheter\">\n\t<div class=\"wd-post-inner article-inner\">\n\t\t\t\t\t<div class=\"wd-post-thumb entry-header\">\n\t\t\t\t\t\t\t\t\t<div class=\"wd-post-img post-img-wrapp\">\n\t\t\t\t\t\t<img width=\"1024\" height=\"576\" src=\"https:\/\/www.borashockey.se\/wp-content\/uploads\/2024\/09\/unnamed-8-1024x576.jpg\" class=\"attachment-large size-large\" alt=\"\" decoding=\"async\" srcset=\"https:\/\/www.borashockey.se\/wp-content\/uploads\/2024\/09\/unnamed-8-1024x576.jpg 1024w, https:\/\/www.borashockey.se\/wp-content\/uploads\/2024\/09\/unnamed-8-550x309.jpg 550w, https:\/\/www.borashockey.se\/wp-content\/uploads\/2024\/09\/unnamed-8-768x432.jpg 768w, https:\/\/www.borashockey.se\/wp-content\/uploads\/2024\/09\/unnamed-8-1536x864.jpg 1536w, https:\/\/www.borashockey.se\/wp-content\/uploads\/2024\/09\/unnamed-8-600x338.jpg 600w, https:\/\/www.borashockey.se\/wp-content\/uploads\/2024\/09\/unnamed-8-1200x675.jpg 1200w, https:\/\/www.borashockey.se\/wp-content\/uploads\/2024\/09\/unnamed-8-150x84.jpg 150w, https:\/\/www.borashockey.se\/wp-content\/uploads\/2024\/09\/unnamed-8.jpg 1920w\" sizes=\"(max-width: 1024px) 100vw, 1024px\" \/>\t\t\t\t\t<\/div>\n\t\t\t\t\t<a class=\"wd-fill\" href=\"https:\/\/www.borashockey.se\/a-lag\/gameday-traningsmatch-4-boras-hc-tranas-hockey\/\"><\/a>\n\t\t\t\t\n\t\t\t\t\t\t\t\t\t\t\t\t<div class=\"wd-post-date wd-style-with-bg\">\n\t\t\t\t<span class=\"post-date-day\">\n\t\t\t\t\t11\t\t\t\t<\/span>\n\t\t\t\t<span class=\"post-date-month\">\n\t\t\t\t\tsep\t\t\t\t<\/span>\n\t\t\t<\/div>\n\t\t\t\t\t\t\t\t\t<\/div>\n\t\t\n\t\t<div class=\"wd-post-content article-body-container\">\n\t\t\t\t\t\t\t<div class=\"wd-post-cat wd-style-with-bg meta-post-categories\">\n\t\t\t\t\t<a href=\"https:\/\/www.borashockey.se\/category\/a-lag\/\" rel=\"category tag\">A-Lag<\/a>, <a href=\"https:\/\/www.borashockey.se\/category\/nyheter\/\" rel=\"category tag\">Klubbnyheter<\/a>\t\t\t\t<\/div>\n\t\t\t\n\t\t\t\t\t\t\t<h3 class=\"wd-post-title wd-entities-title title post-title\">\n\t\t\t\t\t<a href=\"https:\/\/www.borashockey.se\/a-lag\/gameday-traningsmatch-4-boras-hc-tranas-hockey\/\" rel=\"bookmark\">GAMEDAY! Tr\u00e4ningsmatch 4: Bor\u00e5s HC &#8211; Tran\u00e5s Hockey<\/a>\n\t\t\t\t<\/h3>\n\t\t\t\n\t\t\t\t\t\t\t<div class=\"wd-post-meta\">\n\t\t\t\t\t\t\t\t\t\t\t\t\t\t\t<div class=\"wd-post-author\">\n\t\t\t\t\t\t\t\t\t\t\t<span>Postat av<\/span>\n\t\t\n\t\t\t\t\t<img alt='author-avatar' src='https:\/\/secure.gravatar.com\/avatar\/dccacba083d8660da447ece9932da1a85ba9dcd1dd571800cb1478dbf909aa89?s=18&#038;d=mm&#038;r=g' srcset='https:\/\/secure.gravatar.com\/avatar\/dccacba083d8660da447ece9932da1a85ba9dcd1dd571800cb1478dbf909aa89?s=36&#038;d=mm&#038;r=g 2x' class='avatar avatar-18 photo' height='18' width='18' decoding='async'\/>\t\t\n\t\t\t\t\t<a href=\"https:\/\/www.borashockey.se\/author\/media-borashockeygmail-com\/\" class=\"author\" rel=\"author\">Josefine Gustavsson<\/a>\n\t\t\t\t\t\t\t\t\t<\/div>\n\t\t\t\t\t<div class=\"wd-modified-date\">\n\t\t\t\t\t\t\t\t<time class=\"updated\" datetime=\"2024-09-11T08:40:47+02:00\">\n\t\t\t2024-09-11\t\t<\/time>\n\t\t\t\t\t\t\t<\/div>\n\n\t\t\t\t\t\t\t\t\t\t\t<div class=\"wd-post-share wd-tltp\">\n\t\t\t\t\t\t\t<div class=\"tooltip top\">\n\t\t\t\t\t\t\t\t<div class=\"tooltip-inner\">\n\t\t\t\t\t\t\t\t\t\t\t\t<div\n\t\t\t\t\t\tclass=\" wd-social-icons  wd-style-default wd-size-small social-share wd-shape-circle color-scheme-light text-center\">\n\t\t\t\t\n\t\t\t\t\n\t\t\t\t\t\t\t\t\t<a rel=\"noopener noreferrer nofollow\" href=\"https:\/\/www.facebook.com\/sharer\/sharer.php?u=https:\/\/www.borashockey.se\/a-lag\/gameday-traningsmatch-4-boras-hc-tranas-hockey\/\" target=\"_blank\" class=\" wd-social-icon social-facebook\" aria-label=\"Facebook social link\">\n\t\t\t\t\t\t<span class=\"wd-icon\"><\/span>\n\t\t\t\t\t\t\t\t\t\t\t<\/a>\n\t\t\t\t\n\t\t\t\t\t\t\t\t\t<a rel=\"noopener noreferrer nofollow\" href=\"https:\/\/x.com\/share?url=https:\/\/www.borashockey.se\/a-lag\/gameday-traningsmatch-4-boras-hc-tranas-hockey\/\" target=\"_blank\" class=\" wd-social-icon social-twitter\" aria-label=\"X social link\">\n\t\t\t\t\t\t<span class=\"wd-icon\"><\/span>\n\t\t\t\t\t\t\t\t\t\t\t<\/a>\n\t\t\t\t\n\t\t\t\t\n\t\t\t\t\t\t\t\t\t<a rel=\"noopener noreferrer nofollow\" href=\"mailto:?subject=Kolla%20detta%20https:\/\/www.borashockey.se\/a-lag\/gameday-traningsmatch-4-boras-hc-tranas-hockey\/\" target=\"_blank\" class=\" wd-social-icon social-email\" aria-label=\"Email social link\">\n\t\t\t\t\t\t<span class=\"wd-icon\"><\/span>\n\t\t\t\t\t\t\t\t\t\t\t<\/a>\n\t\t\t\t\n\t\t\t\t\n\t\t\t\t\n\t\t\t\t\n\t\t\t\t\n\t\t\t\t\n\t\t\t\t\n\t\t\t\t\n\t\t\t\t\n\t\t\t\t\n\t\t\t\t\n\t\t\t\t\n\t\t\t\t\n\t\t\t\t\n\t\t\t\t\n\t\t\t\t\n\t\t\t\t\n\t\t\t\t\n\t\t\t\t\n\t\t\t\t\n\t\t\t\t\n\t\t\t\t\n\t\t\t\t\n\t\t\t<\/div>\n\n\t\t\t\t\t\t\t\t\t\t<\/div>\n\t\t\t\t\t\t\t\t<div class=\"tooltip-arrow\"><\/div>\n\t\t\t\t\t\t\t<\/div>\n\t\t\t\t\t\t<\/div>\n\t\t\t\t\t\n\t\t\t\t\t\t\t\t\t<\/div>\n\t\t\t\n\t\t\t\t\t\t\t\t\t\t\t\t<div class=\"wd-post-excerpt entry-content\">\n\t\t\t\t\t\tD\u00e5 var det \u00e5terigen dags f\u00f6r tr\u00e4ningsmatch p\u00e5 hemmaplan! Den h\u00e4r g\u00e5ngen g\u00e4star seriekonkurrenten Tran\u00e5s Hockey...\t\t\t\t\t<\/div>\n\t\t\t\t\n\t\t\t\t\t\t\t\t\t\t\t\t\t\t<div class=\"wd-post-read-more wd-style-link read-more-section\">\n\t\t\t\t\t\t<a class=\"\" href=\"https:\/\/www.borashockey.se\/a-lag\/gameday-traningsmatch-4-boras-hc-tranas-hockey\/\">Forts\u00e4tt l\u00e4sa<\/a>\t\t\t\t\t<\/div>\n\t\t\t\t\t\t\t\t\t\t\t\t\t<\/div>\n\t<\/div>\n<\/article>\n\n\t\t\t\t\t\t\t\t\t\t\t\n<article id=\"post-24414\" class=\"wd-post blog-design-default blog-post-loop blog-style-bg wd-add-shadow wd-col post-24414 post type-post status-publish format-standard has-post-thumbnail hentry category-a-lag category-nyheter\">\n\t<div class=\"wd-post-inner article-inner\">\n\t\t\t\t\t<div class=\"wd-post-thumb entry-header\">\n\t\t\t\t\t\t\t\t\t<div class=\"wd-post-img post-img-wrapp\">\n\t\t\t\t\t\t<img width=\"1024\" height=\"576\" src=\"https:\/\/www.borashockey.se\/wp-content\/uploads\/2024\/09\/IMG_6065-1024x576.jpeg\" class=\"attachment-large size-large\" alt=\"\" decoding=\"async\" srcset=\"https:\/\/www.borashockey.se\/wp-content\/uploads\/2024\/09\/IMG_6065-1024x576.jpeg 1024w, https:\/\/www.borashockey.se\/wp-content\/uploads\/2024\/09\/IMG_6065-550x309.jpeg 550w, https:\/\/www.borashockey.se\/wp-content\/uploads\/2024\/09\/IMG_6065-768x432.jpeg 768w, https:\/\/www.borashockey.se\/wp-content\/uploads\/2024\/09\/IMG_6065-1536x864.jpeg 1536w, https:\/\/www.borashockey.se\/wp-content\/uploads\/2024\/09\/IMG_6065-600x338.jpeg 600w, https:\/\/www.borashockey.se\/wp-content\/uploads\/2024\/09\/IMG_6065-1200x675.jpeg 1200w, https:\/\/www.borashockey.se\/wp-content\/uploads\/2024\/09\/IMG_6065-150x84.jpeg 150w, https:\/\/www.borashockey.se\/wp-content\/uploads\/2024\/09\/IMG_6065.jpeg 1920w\" sizes=\"(max-width: 1024px) 100vw, 1024px\" \/>\t\t\t\t\t<\/div>\n\t\t\t\t\t<a class=\"wd-fill\" href=\"https:\/\/www.borashockey.se\/a-lag\/bussresa-till-premiaren\/\"><\/a>\n\t\t\t\t\n\t\t\t\t\t\t\t\t\t\t\t\t<div class=\"wd-post-date wd-style-with-bg\">\n\t\t\t\t<span class=\"post-date-day\">\n\t\t\t\t\t09\t\t\t\t<\/span>\n\t\t\t\t<span class=\"post-date-month\">\n\t\t\t\t\tsep\t\t\t\t<\/span>\n\t\t\t<\/div>\n\t\t\t\t\t\t\t\t\t<\/div>\n\t\t\n\t\t<div class=\"wd-post-content article-body-container\">\n\t\t\t\t\t\t\t<div class=\"wd-post-cat wd-style-with-bg meta-post-categories\">\n\t\t\t\t\t<a href=\"https:\/\/www.borashockey.se\/category\/a-lag\/\" rel=\"category tag\">A-Lag<\/a>, <a href=\"https:\/\/www.borashockey.se\/category\/nyheter\/\" rel=\"category tag\">Klubbnyheter<\/a>\t\t\t\t<\/div>\n\t\t\t\n\t\t\t\t\t\t\t<h3 class=\"wd-post-title wd-entities-title title post-title\">\n\t\t\t\t\t<a href=\"https:\/\/www.borashockey.se\/a-lag\/bussresa-till-premiaren\/\" rel=\"bookmark\">Bussresa till premi\u00e4ren!<\/a>\n\t\t\t\t<\/h3>\n\t\t\t\n\t\t\t\t\t\t\t<div class=\"wd-post-meta\">\n\t\t\t\t\t\t\t\t\t\t\t\t\t\t\t<div class=\"wd-post-author\">\n\t\t\t\t\t\t\t\t\t\t\t<span>Postat av<\/span>\n\t\t\n\t\t\t\t\t<img alt='author-avatar' src='https:\/\/secure.gravatar.com\/avatar\/dccacba083d8660da447ece9932da1a85ba9dcd1dd571800cb1478dbf909aa89?s=18&#038;d=mm&#038;r=g' srcset='https:\/\/secure.gravatar.com\/avatar\/dccacba083d8660da447ece9932da1a85ba9dcd1dd571800cb1478dbf909aa89?s=36&#038;d=mm&#038;r=g 2x' class='avatar avatar-18 photo' height='18' width='18' decoding='async'\/>\t\t\n\t\t\t\t\t<a href=\"https:\/\/www.borashockey.se\/author\/media-borashockeygmail-com\/\" class=\"author\" rel=\"author\">Josefine Gustavsson<\/a>\n\t\t\t\t\t\t\t\t\t<\/div>\n\t\t\t\t\t<div class=\"wd-modified-date\">\n\t\t\t\t\t\t\t\t<time class=\"updated\" datetime=\"2024-09-09T21:23:00+02:00\">\n\t\t\t2024-09-09\t\t<\/time>\n\t\t\t\t\t\t\t<\/div>\n\n\t\t\t\t\t\t\t\t\t\t\t<div class=\"wd-post-share wd-tltp\">\n\t\t\t\t\t\t\t<div class=\"tooltip top\">\n\t\t\t\t\t\t\t\t<div class=\"tooltip-inner\">\n\t\t\t\t\t\t\t\t\t\t\t\t<div\n\t\t\t\t\t\tclass=\" wd-social-icons  wd-style-default wd-size-small social-share wd-shape-circle color-scheme-light text-center\">\n\t\t\t\t\n\t\t\t\t\n\t\t\t\t\t\t\t\t\t<a rel=\"noopener noreferrer nofollow\" href=\"https:\/\/www.facebook.com\/sharer\/sharer.php?u=https:\/\/www.borashockey.se\/a-lag\/bussresa-till-premiaren\/\" target=\"_blank\" class=\" wd-social-icon social-facebook\" aria-label=\"Facebook social link\">\n\t\t\t\t\t\t<span class=\"wd-icon\"><\/span>\n\t\t\t\t\t\t\t\t\t\t\t<\/a>\n\t\t\t\t\n\t\t\t\t\t\t\t\t\t<a rel=\"noopener noreferrer nofollow\" href=\"https:\/\/x.com\/share?url=https:\/\/www.borashockey.se\/a-lag\/bussresa-till-premiaren\/\" target=\"_blank\" class=\" wd-social-icon social-twitter\" aria-label=\"X social link\">\n\t\t\t\t\t\t<span class=\"wd-icon\"><\/span>\n\t\t\t\t\t\t\t\t\t\t\t<\/a>\n\t\t\t\t\n\t\t\t\t\n\t\t\t\t\t\t\t\t\t<a rel=\"noopener noreferrer nofollow\" href=\"mailto:?subject=Kolla%20detta%20https:\/\/www.borashockey.se\/a-lag\/bussresa-till-premiaren\/\" target=\"_blank\" class=\" wd-social-icon social-email\" aria-label=\"Email social link\">\n\t\t\t\t\t\t<span class=\"wd-icon\"><\/span>\n\t\t\t\t\t\t\t\t\t\t\t<\/a>\n\t\t\t\t\n\t\t\t\t\n\t\t\t\t\n\t\t\t\t\n\t\t\t\t\n\t\t\t\t\n\t\t\t\t\n\t\t\t\t\n\t\t\t\t\n\t\t\t\t\n\t\t\t\t\n\t\t\t\t\n\t\t\t\t\n\t\t\t\t\n\t\t\t\t\n\t\t\t\t\n\t\t\t\t\n\t\t\t\t\n\t\t\t\t\n\t\t\t\t\n\t\t\t\t\n\t\t\t\t\n\t\t\t\t\n\t\t\t<\/div>\n\n\t\t\t\t\t\t\t\t\t\t<\/div>\n\t\t\t\t\t\t\t\t<div class=\"tooltip-arrow\"><\/div>\n\t\t\t\t\t\t\t<\/div>\n\t\t\t\t\t\t<\/div>\n\t\t\t\t\t\n\t\t\t\t\t\t\t\t\t<\/div>\n\t\t\t\n\t\t\t\t\t\t\t\t\t\t\t\t<div class=\"wd-post-excerpt entry-content\">\n\t\t\t\t\t\tL\u00f6rdag den 21 september \u00e4r det \u00e4ntligen dags f\u00f6r premi\u00e4r! Vi rivstartar borta mot rivalen Mariestad BoIS.\r\nDen...\t\t\t\t\t<\/div>\n\t\t\t\t\n\t\t\t\t\t\t\t\t\t\t\t\t\t\t<div class=\"wd-post-read-more wd-style-link read-more-section\">\n\t\t\t\t\t\t<a class=\"\" href=\"https:\/\/www.borashockey.se\/a-lag\/bussresa-till-premiaren\/\">Forts\u00e4tt l\u00e4sa<\/a>\t\t\t\t\t<\/div>\n\t\t\t\t\t\t\t\t\t\t\t\t\t<\/div>\n\t<\/div>\n<\/article>\n\n\t\t\t\t\t\t\t\t\t\t\t\n<article id=\"post-24340\" class=\"wd-post blog-design-default blog-post-loop blog-style-bg wd-add-shadow wd-col post-24340 post type-post status-publish format-standard has-post-thumbnail hentry category-a-lag category-nyheter\">\n\t<div class=\"wd-post-inner article-inner\">\n\t\t\t\t\t<div class=\"wd-post-thumb entry-header\">\n\t\t\t\t\t\t\t\t\t<div class=\"wd-post-img post-img-wrapp\">\n\t\t\t\t\t\t<img width=\"1024\" height=\"628\" src=\"https:\/\/www.borashockey.se\/wp-content\/uploads\/2024\/08\/unnamed-7-1024x628.jpg\" class=\"attachment-large size-large\" alt=\"\" decoding=\"async\" srcset=\"https:\/\/www.borashockey.se\/wp-content\/uploads\/2024\/08\/unnamed-7-1024x628.jpg 1024w, https:\/\/www.borashockey.se\/wp-content\/uploads\/2024\/08\/unnamed-7-550x338.jpg 550w, https:\/\/www.borashockey.se\/wp-content\/uploads\/2024\/08\/unnamed-7-768x471.jpg 768w, https:\/\/www.borashockey.se\/wp-content\/uploads\/2024\/08\/unnamed-7-1536x943.jpg 1536w, https:\/\/www.borashockey.se\/wp-content\/uploads\/2024\/08\/unnamed-7-600x368.jpg 600w, https:\/\/www.borashockey.se\/wp-content\/uploads\/2024\/08\/unnamed-7-1200x737.jpg 1200w, https:\/\/www.borashockey.se\/wp-content\/uploads\/2024\/08\/unnamed-7-150x92.jpg 150w, https:\/\/www.borashockey.se\/wp-content\/uploads\/2024\/08\/unnamed-7.jpg 1978w\" sizes=\"(max-width: 1024px) 100vw, 1024px\" \/>\t\t\t\t\t<\/div>\n\t\t\t\t\t<a class=\"wd-fill\" href=\"https:\/\/www.borashockey.se\/a-lag\/seger-i-andra-traningsmatchen\/\"><\/a>\n\t\t\t\t\n\t\t\t\t\t\t\t\t\t\t\t\t<div class=\"wd-post-date wd-style-with-bg\">\n\t\t\t\t<span class=\"post-date-day\">\n\t\t\t\t\t28\t\t\t\t<\/span>\n\t\t\t\t<span class=\"post-date-month\">\n\t\t\t\t\taug\t\t\t\t<\/span>\n\t\t\t<\/div>\n\t\t\t\t\t\t\t\t\t<\/div>\n\t\t\n\t\t<div class=\"wd-post-content article-body-container\">\n\t\t\t\t\t\t\t<div class=\"wd-post-cat wd-style-with-bg meta-post-categories\">\n\t\t\t\t\t<a href=\"https:\/\/www.borashockey.se\/category\/a-lag\/\" rel=\"category tag\">A-Lag<\/a>, <a href=\"https:\/\/www.borashockey.se\/category\/nyheter\/\" rel=\"category tag\">Klubbnyheter<\/a>\t\t\t\t<\/div>\n\t\t\t\n\t\t\t\t\t\t\t<h3 class=\"wd-post-title wd-entities-title title post-title\">\n\t\t\t\t\t<a href=\"https:\/\/www.borashockey.se\/a-lag\/seger-i-andra-traningsmatchen\/\" rel=\"bookmark\">Seger i andra tr\u00e4ningsmatchen!<\/a>\n\t\t\t\t<\/h3>\n\t\t\t\n\t\t\t\t\t\t\t<div class=\"wd-post-meta\">\n\t\t\t\t\t\t\t\t\t\t\t\t\t\t\t<div class=\"wd-post-author\">\n\t\t\t\t\t\t\t\t\t\t\t<span>Postat av<\/span>\n\t\t\n\t\t\t\t\t<img alt='author-avatar' src='https:\/\/secure.gravatar.com\/avatar\/dccacba083d8660da447ece9932da1a85ba9dcd1dd571800cb1478dbf909aa89?s=18&#038;d=mm&#038;r=g' srcset='https:\/\/secure.gravatar.com\/avatar\/dccacba083d8660da447ece9932da1a85ba9dcd1dd571800cb1478dbf909aa89?s=36&#038;d=mm&#038;r=g 2x' class='avatar avatar-18 photo' height='18' width='18' decoding='async'\/>\t\t\n\t\t\t\t\t<a href=\"https:\/\/www.borashockey.se\/author\/media-borashockeygmail-com\/\" class=\"author\" rel=\"author\">Josefine Gustavsson<\/a>\n\t\t\t\t\t\t\t\t\t<\/div>\n\t\t\t\t\t<div class=\"wd-modified-date\">\n\t\t\t\t\t\t\t\t<time class=\"updated\" datetime=\"2024-08-28T21:31:22+02:00\">\n\t\t\t2024-08-28\t\t<\/time>\n\t\t\t\t\t\t\t<\/div>\n\n\t\t\t\t\t\t\t\t\t\t\t<div class=\"wd-post-share wd-tltp\">\n\t\t\t\t\t\t\t<div class=\"tooltip top\">\n\t\t\t\t\t\t\t\t<div class=\"tooltip-inner\">\n\t\t\t\t\t\t\t\t\t\t\t\t<div\n\t\t\t\t\t\tclass=\" wd-social-icons  wd-style-default wd-size-small social-share wd-shape-circle color-scheme-light text-center\">\n\t\t\t\t\n\t\t\t\t\n\t\t\t\t\t\t\t\t\t<a rel=\"noopener noreferrer nofollow\" href=\"https:\/\/www.facebook.com\/sharer\/sharer.php?u=https:\/\/www.borashockey.se\/a-lag\/seger-i-andra-traningsmatchen\/\" target=\"_blank\" class=\" wd-social-icon social-facebook\" aria-label=\"Facebook social link\">\n\t\t\t\t\t\t<span class=\"wd-icon\"><\/span>\n\t\t\t\t\t\t\t\t\t\t\t<\/a>\n\t\t\t\t\n\t\t\t\t\t\t\t\t\t<a rel=\"noopener noreferrer nofollow\" href=\"https:\/\/x.com\/share?url=https:\/\/www.borashockey.se\/a-lag\/seger-i-andra-traningsmatchen\/\" target=\"_blank\" class=\" wd-social-icon social-twitter\" aria-label=\"X social link\">\n\t\t\t\t\t\t<span class=\"wd-icon\"><\/span>\n\t\t\t\t\t\t\t\t\t\t\t<\/a>\n\t\t\t\t\n\t\t\t\t\n\t\t\t\t\t\t\t\t\t<a rel=\"noopener noreferrer nofollow\" href=\"mailto:?subject=Kolla%20detta%20https:\/\/www.borashockey.se\/a-lag\/seger-i-andra-traningsmatchen\/\" target=\"_blank\" class=\" wd-social-icon social-email\" aria-label=\"Email social link\">\n\t\t\t\t\t\t<span class=\"wd-icon\"><\/span>\n\t\t\t\t\t\t\t\t\t\t\t<\/a>\n\t\t\t\t\n\t\t\t\t\n\t\t\t\t\n\t\t\t\t\n\t\t\t\t\n\t\t\t\t\n\t\t\t\t\n\t\t\t\t\n\t\t\t\t\n\t\t\t\t\n\t\t\t\t\n\t\t\t\t\n\t\t\t\t\n\t\t\t\t\n\t\t\t\t\n\t\t\t\t\n\t\t\t\t\n\t\t\t\t\n\t\t\t\t\n\t\t\t\t\n\t\t\t\t\n\t\t\t\t\n\t\t\t\t\n\t\t\t<\/div>\n\n\t\t\t\t\t\t\t\t\t\t<\/div>\n\t\t\t\t\t\t\t\t<div class=\"tooltip-arrow\"><\/div>\n\t\t\t\t\t\t\t<\/div>\n\t\t\t\t\t\t<\/div>\n\t\t\t\t\t\n\t\t\t\t\t\t\t\t\t<\/div>\n\t\t\t\n\t\t\t\t\t\t\t\t\t\t\t\t<div class=\"wd-post-excerpt entry-content\">\n\t\t\t\t\t\tFoto: Anders Gustafsson\r\nDet blev en ny vinst ikv\u00e4ll under f\u00f6rs\u00e4songen n\u00e4r BHC m\u00f6tte Mj\u00f6lby p\u00e5 bortais.\r\nBHC k...\t\t\t\t\t<\/div>\n\t\t\t\t\n\t\t\t\t\t\t\t\t\t\t\t\t\t\t<div class=\"wd-post-read-more wd-style-link read-more-section\">\n\t\t\t\t\t\t<a class=\"\" href=\"https:\/\/www.borashockey.se\/a-lag\/seger-i-andra-traningsmatchen\/\">Forts\u00e4tt l\u00e4sa<\/a>\t\t\t\t\t<\/div>\n\t\t\t\t\t\t\t\t\t\t\t\t\t<\/div>\n\t<\/div>\n<\/article>\n\n\t\t\t\t\t\t\t\t\t\t\t\n<article id=\"post-24328\" class=\"wd-post blog-design-default blog-post-loop blog-style-bg wd-add-shadow wd-col post-24328 post type-post status-publish format-standard has-post-thumbnail hentry category-nyheter\">\n\t<div class=\"wd-post-inner article-inner\">\n\t\t\t\t\t<div class=\"wd-post-thumb entry-header\">\n\t\t\t\t\t\t\t\t\t<div class=\"wd-post-img post-img-wrapp\">\n\t\t\t\t\t\t<img width=\"1024\" height=\"576\" src=\"https:\/\/www.borashockey.se\/wp-content\/uploads\/2024\/08\/unnamed-6-1024x576.jpg\" class=\"attachment-large size-large\" alt=\"\" decoding=\"async\" srcset=\"https:\/\/www.borashockey.se\/wp-content\/uploads\/2024\/08\/unnamed-6-1024x576.jpg 1024w, https:\/\/www.borashockey.se\/wp-content\/uploads\/2024\/08\/unnamed-6-550x309.jpg 550w, https:\/\/www.borashockey.se\/wp-content\/uploads\/2024\/08\/unnamed-6-768x432.jpg 768w, https:\/\/www.borashockey.se\/wp-content\/uploads\/2024\/08\/unnamed-6-1536x864.jpg 1536w, https:\/\/www.borashockey.se\/wp-content\/uploads\/2024\/08\/unnamed-6-600x338.jpg 600w, https:\/\/www.borashockey.se\/wp-content\/uploads\/2024\/08\/unnamed-6-1200x675.jpg 1200w, https:\/\/www.borashockey.se\/wp-content\/uploads\/2024\/08\/unnamed-6-150x84.jpg 150w, https:\/\/www.borashockey.se\/wp-content\/uploads\/2024\/08\/unnamed-6.jpg 1920w\" sizes=\"(max-width: 1024px) 100vw, 1024px\" \/>\t\t\t\t\t<\/div>\n\t\t\t\t\t<a class=\"wd-fill\" href=\"https:\/\/www.borashockey.se\/nyheter\/shl-pre-season-game-malmo-redhawks-vs-orebro-hk\/\"><\/a>\n\t\t\t\t\n\t\t\t\t\t\t\t\t\t\t\t\t<div class=\"wd-post-date wd-style-with-bg\">\n\t\t\t\t<span class=\"post-date-day\">\n\t\t\t\t\t28\t\t\t\t<\/span>\n\t\t\t\t<span class=\"post-date-month\">\n\t\t\t\t\taug\t\t\t\t<\/span>\n\t\t\t<\/div>\n\t\t\t\t\t\t\t\t\t<\/div>\n\t\t\n\t\t<div class=\"wd-post-content article-body-container\">\n\t\t\t\t\t\t\t<div class=\"wd-post-cat wd-style-with-bg meta-post-categories\">\n\t\t\t\t\t<a href=\"https:\/\/www.borashockey.se\/category\/nyheter\/\" rel=\"category tag\">Klubbnyheter<\/a>\t\t\t\t<\/div>\n\t\t\t\n\t\t\t\t\t\t\t<h3 class=\"wd-post-title wd-entities-title title post-title\">\n\t\t\t\t\t<a href=\"https:\/\/www.borashockey.se\/nyheter\/shl-pre-season-game-malmo-redhawks-vs-orebro-hk\/\" rel=\"bookmark\">SHL PRE SEASON GAME: Malm\u00f6 Redhawks vs \u00d6rebro HK<\/a>\n\t\t\t\t<\/h3>\n\t\t\t\n\t\t\t\t\t\t\t<div class=\"wd-post-meta\">\n\t\t\t\t\t\t\t\t\t\t\t\t\t\t\t<div class=\"wd-post-author\">\n\t\t\t\t\t\t\t\t\t\t\t<span>Postat av<\/span>\n\t\t\n\t\t\t\t\t<img alt='author-avatar' src='https:\/\/secure.gravatar.com\/avatar\/dccacba083d8660da447ece9932da1a85ba9dcd1dd571800cb1478dbf909aa89?s=18&#038;d=mm&#038;r=g' srcset='https:\/\/secure.gravatar.com\/avatar\/dccacba083d8660da447ece9932da1a85ba9dcd1dd571800cb1478dbf909aa89?s=36&#038;d=mm&#038;r=g 2x' class='avatar avatar-18 photo' height='18' width='18' decoding='async'\/>\t\t\n\t\t\t\t\t<a href=\"https:\/\/www.borashockey.se\/author\/media-borashockeygmail-com\/\" class=\"author\" rel=\"author\">Josefine Gustavsson<\/a>\n\t\t\t\t\t\t\t\t\t<\/div>\n\t\t\t\t\t<div class=\"wd-modified-date\">\n\t\t\t\t\t\t\t\t<time class=\"updated\" datetime=\"2024-08-28T15:05:10+02:00\">\n\t\t\t2024-08-28\t\t<\/time>\n\t\t\t\t\t\t\t<\/div>\n\n\t\t\t\t\t\t\t\t\t\t\t<div class=\"wd-post-share wd-tltp\">\n\t\t\t\t\t\t\t<div class=\"tooltip top\">\n\t\t\t\t\t\t\t\t<div class=\"tooltip-inner\">\n\t\t\t\t\t\t\t\t\t\t\t\t<div\n\t\t\t\t\t\tclass=\" wd-social-icons  wd-style-default wd-size-small social-share wd-shape-circle color-scheme-light text-center\">\n\t\t\t\t\n\t\t\t\t\n\t\t\t\t\t\t\t\t\t<a rel=\"noopener noreferrer nofollow\" href=\"https:\/\/www.facebook.com\/sharer\/sharer.php?u=https:\/\/www.borashockey.se\/nyheter\/shl-pre-season-game-malmo-redhawks-vs-orebro-hk\/\" target=\"_blank\" class=\" wd-social-icon social-facebook\" aria-label=\"Facebook social link\">\n\t\t\t\t\t\t<span class=\"wd-icon\"><\/span>\n\t\t\t\t\t\t\t\t\t\t\t<\/a>\n\t\t\t\t\n\t\t\t\t\t\t\t\t\t<a rel=\"noopener noreferrer nofollow\" href=\"https:\/\/x.com\/share?url=https:\/\/www.borashockey.se\/nyheter\/shl-pre-season-game-malmo-redhawks-vs-orebro-hk\/\" target=\"_blank\" class=\" wd-social-icon social-twitter\" aria-label=\"X social link\">\n\t\t\t\t\t\t<span class=\"wd-icon\"><\/span>\n\t\t\t\t\t\t\t\t\t\t\t<\/a>\n\t\t\t\t\n\t\t\t\t\n\t\t\t\t\t\t\t\t\t<a rel=\"noopener noreferrer nofollow\" href=\"mailto:?subject=Kolla%20detta%20https:\/\/www.borashockey.se\/nyheter\/shl-pre-season-game-malmo-redhawks-vs-orebro-hk\/\" target=\"_blank\" class=\" wd-social-icon social-email\" aria-label=\"Email social link\">\n\t\t\t\t\t\t<span class=\"wd-icon\"><\/span>\n\t\t\t\t\t\t\t\t\t\t\t<\/a>\n\t\t\t\t\n\t\t\t\t\n\t\t\t\t\n\t\t\t\t\n\t\t\t\t\n\t\t\t\t\n\t\t\t\t\n\t\t\t\t\n\t\t\t\t\n\t\t\t\t\n\t\t\t\t\n\t\t\t\t\n\t\t\t\t\n\t\t\t\t\n\t\t\t\t\n\t\t\t\t\n\t\t\t\t\n\t\t\t\t\n\t\t\t\t\n\t\t\t\t\n\t\t\t\t\n\t\t\t\t\n\t\t\t\t\n\t\t\t<\/div>\n\n\t\t\t\t\t\t\t\t\t\t<\/div>\n\t\t\t\t\t\t\t\t<div class=\"tooltip-arrow\"><\/div>\n\t\t\t\t\t\t\t<\/div>\n\t\t\t\t\t\t<\/div>\n\t\t\t\t\t\n\t\t\t\t\t\t\t\t\t<\/div>\n\t\t\t\n\t\t\t\t\t\t\t\t\t\t\t\t<div class=\"wd-post-excerpt entry-content\">\n\t\t\t\t\t\tNu \u00e4r det \u00e4ntligen dags f\u00f6r f\u00f6rra \u00e5rets succ\u00e9: SHL PRE SEASON GAME i Bor\u00e5s Ishall.\r\nTorsdag 29 augusti kl. 18:...\t\t\t\t\t<\/div>\n\t\t\t\t\n\t\t\t\t\t\t\t\t\t\t\t\t\t\t<div class=\"wd-post-read-more wd-style-link read-more-section\">\n\t\t\t\t\t\t<a class=\"\" href=\"https:\/\/www.borashockey.se\/nyheter\/shl-pre-season-game-malmo-redhawks-vs-orebro-hk\/\">Forts\u00e4tt l\u00e4sa<\/a>\t\t\t\t\t<\/div>\n\t\t\t\t\t\t\t\t\t\t\t\t\t<\/div>\n\t<\/div>\n<\/article>\n\n\t\t\t\t\t\n\t\t\t\t\t","status":"have-posts","nextPage":"https:\/\/www.borashockey.se\/author\/media-borashockeygmail-com\/page\/13\/?woo_ajax=1","currentPage":"https:\/\/www.borashockey.se\/author\/media-borashockeygmail-com\/page\/12"}