
			
				

					
				

			
		{"items":"\n\t\t\t\t\t\t\t\t\t\t\t\t\t\t<link rel=\"stylesheet\" id=\"wd-post-types-mod-categories-style-bg-css\" href=\"https:\/\/www.borashockey.se\/wp-content\/themes\/woodmart\/css\/parts\/post-types-mod-categories-style-bg.min.css?ver=8.2.7\" type=\"text\/css\" media=\"all\" \/> \t\t\t\n<article id=\"post-25123\" class=\"wd-post blog-design-default blog-post-loop blog-style-bg wd-add-shadow wd-col post-25123 post type-post status-publish format-standard has-post-thumbnail hentry category-a-lag category-nyheter\">\n\t<div class=\"wd-post-inner article-inner\">\n\t\t\t\t\t<div class=\"wd-post-thumb entry-header\">\n\t\t\t\t\t\t\t\t\t<div class=\"wd-post-img post-img-wrapp\">\n\t\t\t\t\t\t<img width=\"1024\" height=\"576\" src=\"https:\/\/www.borashockey.se\/wp-content\/uploads\/2024\/11\/IMG_8037-1024x576.jpeg\" class=\"attachment-large size-large\" alt=\"\" decoding=\"async\" fetchpriority=\"high\" srcset=\"https:\/\/www.borashockey.se\/wp-content\/uploads\/2024\/11\/IMG_8037-1024x576.jpeg 1024w, https:\/\/www.borashockey.se\/wp-content\/uploads\/2024\/11\/IMG_8037-550x309.jpeg 550w, https:\/\/www.borashockey.se\/wp-content\/uploads\/2024\/11\/IMG_8037-768x432.jpeg 768w, https:\/\/www.borashockey.se\/wp-content\/uploads\/2024\/11\/IMG_8037-1536x864.jpeg 1536w, https:\/\/www.borashockey.se\/wp-content\/uploads\/2024\/11\/IMG_8037-600x338.jpeg 600w, https:\/\/www.borashockey.se\/wp-content\/uploads\/2024\/11\/IMG_8037-1200x675.jpeg 1200w, https:\/\/www.borashockey.se\/wp-content\/uploads\/2024\/11\/IMG_8037-150x84.jpeg 150w, https:\/\/www.borashockey.se\/wp-content\/uploads\/2024\/11\/IMG_8037.jpeg 1920w\" sizes=\"(max-width: 1024px) 100vw, 1024px\" \/>\t\t\t\t\t<\/div>\n\t\t\t\t\t<a class=\"wd-fill\" href=\"https:\/\/www.borashockey.se\/a-lag\/dags-for-bortamatch-mjolby-hc-boras-hc\/\"><\/a>\n\t\t\t\t\n\t\t\t\t\t\t\t\t\t\t\t\t<link rel=\"stylesheet\" id=\"wd-post-types-mod-date-style-bg-css\" href=\"https:\/\/www.borashockey.se\/wp-content\/themes\/woodmart\/css\/parts\/post-types-mod-date-style-bg.min.css?ver=8.2.7\" type=\"text\/css\" media=\"all\" \/> \t\t\t\t\t\t<div class=\"wd-post-date wd-style-with-bg\">\n\t\t\t\t<span class=\"post-date-day\">\n\t\t\t\t\t13\t\t\t\t<\/span>\n\t\t\t\t<span class=\"post-date-month\">\n\t\t\t\t\tnov\t\t\t\t<\/span>\n\t\t\t<\/div>\n\t\t\t\t\t\t\t\t\t<\/div>\n\t\t\n\t\t<div class=\"wd-post-content article-body-container\">\n\t\t\t\t\t\t\t<div class=\"wd-post-cat wd-style-with-bg meta-post-categories\">\n\t\t\t\t\t<a href=\"https:\/\/www.borashockey.se\/category\/a-lag\/\" rel=\"category tag\">A-Lag<\/a>, <a href=\"https:\/\/www.borashockey.se\/category\/nyheter\/\" rel=\"category tag\">Klubbnyheter<\/a>\t\t\t\t<\/div>\n\t\t\t\n\t\t\t\t\t\t\t<h3 class=\"wd-post-title wd-entities-title title post-title\">\n\t\t\t\t\t<a href=\"https:\/\/www.borashockey.se\/a-lag\/dags-for-bortamatch-mjolby-hc-boras-hc\/\" rel=\"bookmark\">Dags f\u00f6r bortamatch! Mj\u00f6lby HC &#8211; Bor\u00e5s HC<\/a>\n\t\t\t\t<\/h3>\n\t\t\t\n\t\t\t\t\t\t\t<div class=\"wd-post-meta\">\n\t\t\t\t\t\t\t\t\t\t\t\t\t<link rel=\"stylesheet\" id=\"wd-blog-mod-author-css\" href=\"https:\/\/www.borashockey.se\/wp-content\/themes\/woodmart\/css\/parts\/blog-mod-author.min.css?ver=8.2.7\" type=\"text\/css\" media=\"all\" \/> \t\t\t\t\t\t\t\t<div class=\"wd-post-author\">\n\t\t\t\t\t\t\t\t\t\t\t<span>Postat av<\/span>\n\t\t\n\t\t\t\t\t<img alt='author-avatar' src='https:\/\/secure.gravatar.com\/avatar\/dccacba083d8660da447ece9932da1a85ba9dcd1dd571800cb1478dbf909aa89?s=18&#038;d=mm&#038;r=g' srcset='https:\/\/secure.gravatar.com\/avatar\/dccacba083d8660da447ece9932da1a85ba9dcd1dd571800cb1478dbf909aa89?s=36&#038;d=mm&#038;r=g 2x' class='avatar avatar-18 photo' height='18' width='18' decoding='async'\/>\t\t\n\t\t\t\t\t<a href=\"https:\/\/www.borashockey.se\/author\/media-borashockeygmail-com\/\" class=\"author\" rel=\"author\">Josefine Gustavsson<\/a>\n\t\t\t\t\t\t\t\t\t<\/div>\n\t\t\t\t\t<div class=\"wd-modified-date\">\n\t\t\t\t\t\t\t\t<time class=\"updated\" datetime=\"2024-11-13T15:30:48+01:00\">\n\t\t\t2024-11-13\t\t<\/time>\n\t\t\t\t\t\t\t<\/div>\n\n\t\t\t\t\t\t\t\t\t\t\t<div class=\"wd-post-share wd-tltp\">\n\t\t\t\t\t\t\t<div class=\"tooltip top\">\n\t\t\t\t\t\t\t\t<div class=\"tooltip-inner\">\n\t\t\t\t\t\t\t\t\t\t\t\t<link rel=\"stylesheet\" id=\"wd-social-icons-css\" href=\"https:\/\/www.borashockey.se\/wp-content\/themes\/woodmart\/css\/parts\/el-social-icons.min.css?ver=8.2.7\" type=\"text\/css\" media=\"all\" \/> \t\t\t\t\t\t<div\n\t\t\t\t\t\tclass=\" wd-social-icons  wd-style-default wd-size-small social-share wd-shape-circle color-scheme-light text-center\">\n\t\t\t\t\n\t\t\t\t\n\t\t\t\t\t\t\t\t\t<a rel=\"noopener noreferrer nofollow\" href=\"https:\/\/www.facebook.com\/sharer\/sharer.php?u=https:\/\/www.borashockey.se\/a-lag\/dags-for-bortamatch-mjolby-hc-boras-hc\/\" target=\"_blank\" class=\" wd-social-icon social-facebook\" aria-label=\"Facebook social link\">\n\t\t\t\t\t\t<span class=\"wd-icon\"><\/span>\n\t\t\t\t\t\t\t\t\t\t\t<\/a>\n\t\t\t\t\n\t\t\t\t\t\t\t\t\t<a rel=\"noopener noreferrer nofollow\" href=\"https:\/\/x.com\/share?url=https:\/\/www.borashockey.se\/a-lag\/dags-for-bortamatch-mjolby-hc-boras-hc\/\" target=\"_blank\" class=\" wd-social-icon social-twitter\" aria-label=\"X social link\">\n\t\t\t\t\t\t<span class=\"wd-icon\"><\/span>\n\t\t\t\t\t\t\t\t\t\t\t<\/a>\n\t\t\t\t\n\t\t\t\t\n\t\t\t\t\t\t\t\t\t<a rel=\"noopener noreferrer nofollow\" href=\"mailto:?subject=Kolla%20detta%20https:\/\/www.borashockey.se\/a-lag\/dags-for-bortamatch-mjolby-hc-boras-hc\/\" target=\"_blank\" class=\" wd-social-icon social-email\" aria-label=\"Email social link\">\n\t\t\t\t\t\t<span class=\"wd-icon\"><\/span>\n\t\t\t\t\t\t\t\t\t\t\t<\/a>\n\t\t\t\t\n\t\t\t\t\n\t\t\t\t\n\t\t\t\t\n\t\t\t\t\n\t\t\t\t\n\t\t\t\t\n\t\t\t\t\n\t\t\t\t\n\t\t\t\t\n\t\t\t\t\n\t\t\t\t\n\t\t\t\t\n\t\t\t\t\n\t\t\t\t\n\t\t\t\t\n\t\t\t\t\n\t\t\t\t\n\t\t\t\t\n\t\t\t\t\n\t\t\t\t\n\t\t\t\t\n\t\t\t\t\n\t\t\t<\/div>\n\n\t\t\t\t\t\t\t\t\t\t<\/div>\n\t\t\t\t\t\t\t\t<div class=\"tooltip-arrow\"><\/div>\n\t\t\t\t\t\t\t<\/div>\n\t\t\t\t\t\t<\/div>\n\t\t\t\t\t\n\t\t\t\t\t\t\t\t\t<\/div>\n\t\t\t\n\t\t\t\t\t\t\t\t\t\t\t\t<div class=\"wd-post-excerpt entry-content\">\n\t\t\t\t\t\tEfter ett par hemmamatcher s\u00e5 \u00e4r det nu dags att ge sig iv\u00e4g med bussen igen f\u00f6r bortamatch.\r\nDet \u00e4r Mj\u00f6lby HC...\t\t\t\t\t<\/div>\n\t\t\t\t\n\t\t\t\t\t\t\t\t\t\t\t\t\t\t<div class=\"wd-post-read-more wd-style-link read-more-section\">\n\t\t\t\t\t\t<a class=\"\" href=\"https:\/\/www.borashockey.se\/a-lag\/dags-for-bortamatch-mjolby-hc-boras-hc\/\">Forts\u00e4tt l\u00e4sa<\/a>\t\t\t\t\t<\/div>\n\t\t\t\t\t\t\t\t\t\t\t\t\t<\/div>\n\t<\/div>\n<\/article>\n\n\t\t\t\t\t\t\t\t\t\t\t\n<article id=\"post-25055\" class=\"wd-post blog-design-default blog-post-loop blog-style-bg wd-add-shadow wd-col post-25055 post type-post status-publish format-standard has-post-thumbnail hentry category-a-lag category-nyheter\">\n\t<div class=\"wd-post-inner article-inner\">\n\t\t\t\t\t<div class=\"wd-post-thumb entry-header\">\n\t\t\t\t\t\t\t\t\t<div class=\"wd-post-img post-img-wrapp\">\n\t\t\t\t\t\t<img width=\"1024\" height=\"576\" src=\"https:\/\/www.borashockey.se\/wp-content\/uploads\/2024\/11\/IMG_7948-1024x576.jpeg\" class=\"attachment-large size-large\" alt=\"\" decoding=\"async\" srcset=\"https:\/\/www.borashockey.se\/wp-content\/uploads\/2024\/11\/IMG_7948-1024x576.jpeg 1024w, https:\/\/www.borashockey.se\/wp-content\/uploads\/2024\/11\/IMG_7948-550x309.jpeg 550w, https:\/\/www.borashockey.se\/wp-content\/uploads\/2024\/11\/IMG_7948-768x432.jpeg 768w, https:\/\/www.borashockey.se\/wp-content\/uploads\/2024\/11\/IMG_7948-1536x864.jpeg 1536w, https:\/\/www.borashockey.se\/wp-content\/uploads\/2024\/11\/IMG_7948-600x338.jpeg 600w, https:\/\/www.borashockey.se\/wp-content\/uploads\/2024\/11\/IMG_7948-1200x675.jpeg 1200w, https:\/\/www.borashockey.se\/wp-content\/uploads\/2024\/11\/IMG_7948-150x84.jpeg 150w, https:\/\/www.borashockey.se\/wp-content\/uploads\/2024\/11\/IMG_7948.jpeg 1920w\" sizes=\"(max-width: 1024px) 100vw, 1024px\" \/>\t\t\t\t\t<\/div>\n\t\t\t\t\t<a class=\"wd-fill\" href=\"https:\/\/www.borashockey.se\/a-lag\/match-och-hyllningscermoni-boras-hc-borlange\/\"><\/a>\n\t\t\t\t\n\t\t\t\t\t\t\t\t\t\t\t\t<div class=\"wd-post-date wd-style-with-bg\">\n\t\t\t\t<span class=\"post-date-day\">\n\t\t\t\t\t09\t\t\t\t<\/span>\n\t\t\t\t<span class=\"post-date-month\">\n\t\t\t\t\tnov\t\t\t\t<\/span>\n\t\t\t<\/div>\n\t\t\t\t\t\t\t\t\t<\/div>\n\t\t\n\t\t<div class=\"wd-post-content article-body-container\">\n\t\t\t\t\t\t\t<div class=\"wd-post-cat wd-style-with-bg meta-post-categories\">\n\t\t\t\t\t<a href=\"https:\/\/www.borashockey.se\/category\/a-lag\/\" rel=\"category tag\">A-Lag<\/a>, <a href=\"https:\/\/www.borashockey.se\/category\/nyheter\/\" rel=\"category tag\">Klubbnyheter<\/a>\t\t\t\t<\/div>\n\t\t\t\n\t\t\t\t\t\t\t<h3 class=\"wd-post-title wd-entities-title title post-title\">\n\t\t\t\t\t<a href=\"https:\/\/www.borashockey.se\/a-lag\/match-och-hyllningscermoni-boras-hc-borlange\/\" rel=\"bookmark\">Match och hyllningscermoni! Bor\u00e5s HC &#8211; Borl\u00e4nge<\/a>\n\t\t\t\t<\/h3>\n\t\t\t\n\t\t\t\t\t\t\t<div class=\"wd-post-meta\">\n\t\t\t\t\t\t\t\t\t\t\t\t\t\t\t<div class=\"wd-post-author\">\n\t\t\t\t\t\t\t\t\t\t\t<span>Postat av<\/span>\n\t\t\n\t\t\t\t\t<img alt='author-avatar' src='https:\/\/secure.gravatar.com\/avatar\/dccacba083d8660da447ece9932da1a85ba9dcd1dd571800cb1478dbf909aa89?s=18&#038;d=mm&#038;r=g' srcset='https:\/\/secure.gravatar.com\/avatar\/dccacba083d8660da447ece9932da1a85ba9dcd1dd571800cb1478dbf909aa89?s=36&#038;d=mm&#038;r=g 2x' class='avatar avatar-18 photo' height='18' width='18' decoding='async'\/>\t\t\n\t\t\t\t\t<a href=\"https:\/\/www.borashockey.se\/author\/media-borashockeygmail-com\/\" class=\"author\" rel=\"author\">Josefine Gustavsson<\/a>\n\t\t\t\t\t\t\t\t\t<\/div>\n\t\t\t\t\t<div class=\"wd-modified-date\">\n\t\t\t\t\t\t\t\t<time class=\"updated\" datetime=\"2024-11-09T14:36:12+01:00\">\n\t\t\t2024-11-09\t\t<\/time>\n\t\t\t\t\t\t\t<\/div>\n\n\t\t\t\t\t\t\t\t\t\t\t<div class=\"wd-post-share wd-tltp\">\n\t\t\t\t\t\t\t<div class=\"tooltip top\">\n\t\t\t\t\t\t\t\t<div class=\"tooltip-inner\">\n\t\t\t\t\t\t\t\t\t\t\t\t<div\n\t\t\t\t\t\tclass=\" wd-social-icons  wd-style-default wd-size-small social-share wd-shape-circle color-scheme-light text-center\">\n\t\t\t\t\n\t\t\t\t\n\t\t\t\t\t\t\t\t\t<a rel=\"noopener noreferrer nofollow\" href=\"https:\/\/www.facebook.com\/sharer\/sharer.php?u=https:\/\/www.borashockey.se\/a-lag\/match-och-hyllningscermoni-boras-hc-borlange\/\" target=\"_blank\" class=\" wd-social-icon social-facebook\" aria-label=\"Facebook social link\">\n\t\t\t\t\t\t<span class=\"wd-icon\"><\/span>\n\t\t\t\t\t\t\t\t\t\t\t<\/a>\n\t\t\t\t\n\t\t\t\t\t\t\t\t\t<a rel=\"noopener noreferrer nofollow\" href=\"https:\/\/x.com\/share?url=https:\/\/www.borashockey.se\/a-lag\/match-och-hyllningscermoni-boras-hc-borlange\/\" target=\"_blank\" class=\" wd-social-icon social-twitter\" aria-label=\"X social link\">\n\t\t\t\t\t\t<span class=\"wd-icon\"><\/span>\n\t\t\t\t\t\t\t\t\t\t\t<\/a>\n\t\t\t\t\n\t\t\t\t\n\t\t\t\t\t\t\t\t\t<a rel=\"noopener noreferrer nofollow\" href=\"mailto:?subject=Kolla%20detta%20https:\/\/www.borashockey.se\/a-lag\/match-och-hyllningscermoni-boras-hc-borlange\/\" target=\"_blank\" class=\" wd-social-icon social-email\" aria-label=\"Email social link\">\n\t\t\t\t\t\t<span class=\"wd-icon\"><\/span>\n\t\t\t\t\t\t\t\t\t\t\t<\/a>\n\t\t\t\t\n\t\t\t\t\n\t\t\t\t\n\t\t\t\t\n\t\t\t\t\n\t\t\t\t\n\t\t\t\t\n\t\t\t\t\n\t\t\t\t\n\t\t\t\t\n\t\t\t\t\n\t\t\t\t\n\t\t\t\t\n\t\t\t\t\n\t\t\t\t\n\t\t\t\t\n\t\t\t\t\n\t\t\t\t\n\t\t\t\t\n\t\t\t\t\n\t\t\t\t\n\t\t\t\t\n\t\t\t\t\n\t\t\t<\/div>\n\n\t\t\t\t\t\t\t\t\t\t<\/div>\n\t\t\t\t\t\t\t\t<div class=\"tooltip-arrow\"><\/div>\n\t\t\t\t\t\t\t<\/div>\n\t\t\t\t\t\t<\/div>\n\t\t\t\t\t\n\t\t\t\t\t\t\t\t\t<\/div>\n\t\t\t\n\t\t\t\t\t\t\t\t\t\t\t\t<div class=\"wd-post-excerpt entry-content\">\n\t\t\t\t\t\tD\u00e5 var det dags f\u00f6r l\u00f6rdagsmatch igen! Innan nedsl\u00e4pp kommer vi att ha en hyllningscermoni f\u00f6r Meja Gust\u00e2v och...\t\t\t\t\t<\/div>\n\t\t\t\t\n\t\t\t\t\t\t\t\t\t\t\t\t\t\t<div class=\"wd-post-read-more wd-style-link read-more-section\">\n\t\t\t\t\t\t<a class=\"\" href=\"https:\/\/www.borashockey.se\/a-lag\/match-och-hyllningscermoni-boras-hc-borlange\/\">Forts\u00e4tt l\u00e4sa<\/a>\t\t\t\t\t<\/div>\n\t\t\t\t\t\t\t\t\t\t\t\t\t<\/div>\n\t<\/div>\n<\/article>\n\n\t\t\t\t\t\t\t\t\t\t\t\n<article id=\"post-24939\" class=\"wd-post blog-design-default blog-post-loop blog-style-bg wd-add-shadow wd-col post-24939 post type-post status-publish format-standard has-post-thumbnail hentry category-a-lag category-nyheter\">\n\t<div class=\"wd-post-inner article-inner\">\n\t\t\t\t\t<div class=\"wd-post-thumb entry-header\">\n\t\t\t\t\t\t\t\t\t<div class=\"wd-post-img post-img-wrapp\">\n\t\t\t\t\t\t<img width=\"1024\" height=\"568\" src=\"https:\/\/www.borashockey.se\/wp-content\/uploads\/2024\/11\/IMG_7827-1024x568.jpeg\" class=\"attachment-large size-large\" alt=\"\" decoding=\"async\" srcset=\"https:\/\/www.borashockey.se\/wp-content\/uploads\/2024\/11\/IMG_7827-1024x568.jpeg 1024w, https:\/\/www.borashockey.se\/wp-content\/uploads\/2024\/11\/IMG_7827-550x305.jpeg 550w, https:\/\/www.borashockey.se\/wp-content\/uploads\/2024\/11\/IMG_7827-768x426.jpeg 768w, https:\/\/www.borashockey.se\/wp-content\/uploads\/2024\/11\/IMG_7827-600x333.jpeg 600w, https:\/\/www.borashockey.se\/wp-content\/uploads\/2024\/11\/IMG_7827-1200x665.jpeg 1200w, https:\/\/www.borashockey.se\/wp-content\/uploads\/2024\/11\/IMG_7827-150x83.jpeg 150w, https:\/\/www.borashockey.se\/wp-content\/uploads\/2024\/11\/IMG_7827.jpeg 1284w\" sizes=\"(max-width: 1024px) 100vw, 1024px\" \/>\t\t\t\t\t<\/div>\n\t\t\t\t\t<a class=\"wd-fill\" href=\"https:\/\/www.borashockey.se\/a-lag\/toppmatch-ikvall-boras-hc-mariestad-bois\/\"><\/a>\n\t\t\t\t\n\t\t\t\t\t\t\t\t\t\t\t\t<div class=\"wd-post-date wd-style-with-bg\">\n\t\t\t\t<span class=\"post-date-day\">\n\t\t\t\t\t02\t\t\t\t<\/span>\n\t\t\t\t<span class=\"post-date-month\">\n\t\t\t\t\tnov\t\t\t\t<\/span>\n\t\t\t<\/div>\n\t\t\t\t\t\t\t\t\t<\/div>\n\t\t\n\t\t<div class=\"wd-post-content article-body-container\">\n\t\t\t\t\t\t\t<div class=\"wd-post-cat wd-style-with-bg meta-post-categories\">\n\t\t\t\t\t<a href=\"https:\/\/www.borashockey.se\/category\/a-lag\/\" rel=\"category tag\">A-Lag<\/a>, <a href=\"https:\/\/www.borashockey.se\/category\/nyheter\/\" rel=\"category tag\">Klubbnyheter<\/a>\t\t\t\t<\/div>\n\t\t\t\n\t\t\t\t\t\t\t<h3 class=\"wd-post-title wd-entities-title title post-title\">\n\t\t\t\t\t<a href=\"https:\/\/www.borashockey.se\/a-lag\/toppmatch-ikvall-boras-hc-mariestad-bois\/\" rel=\"bookmark\">Toppmatch ikv\u00e4ll! Bor\u00e5s HC &#8211; Mariestad BoIS<\/a>\n\t\t\t\t<\/h3>\n\t\t\t\n\t\t\t\t\t\t\t<div class=\"wd-post-meta\">\n\t\t\t\t\t\t\t\t\t\t\t\t\t\t\t<div class=\"wd-post-author\">\n\t\t\t\t\t\t\t\t\t\t\t<span>Postat av<\/span>\n\t\t\n\t\t\t\t\t<img alt='author-avatar' src='https:\/\/secure.gravatar.com\/avatar\/dccacba083d8660da447ece9932da1a85ba9dcd1dd571800cb1478dbf909aa89?s=18&#038;d=mm&#038;r=g' srcset='https:\/\/secure.gravatar.com\/avatar\/dccacba083d8660da447ece9932da1a85ba9dcd1dd571800cb1478dbf909aa89?s=36&#038;d=mm&#038;r=g 2x' class='avatar avatar-18 photo' height='18' width='18' decoding='async'\/>\t\t\n\t\t\t\t\t<a href=\"https:\/\/www.borashockey.se\/author\/media-borashockeygmail-com\/\" class=\"author\" rel=\"author\">Josefine Gustavsson<\/a>\n\t\t\t\t\t\t\t\t\t<\/div>\n\t\t\t\t\t<div class=\"wd-modified-date\">\n\t\t\t\t\t\t\t\t<time class=\"updated\" datetime=\"2024-11-02T10:57:04+01:00\">\n\t\t\t2024-11-02\t\t<\/time>\n\t\t\t\t\t\t\t<\/div>\n\n\t\t\t\t\t\t\t\t\t\t\t<div class=\"wd-post-share wd-tltp\">\n\t\t\t\t\t\t\t<div class=\"tooltip top\">\n\t\t\t\t\t\t\t\t<div class=\"tooltip-inner\">\n\t\t\t\t\t\t\t\t\t\t\t\t<div\n\t\t\t\t\t\tclass=\" wd-social-icons  wd-style-default wd-size-small social-share wd-shape-circle color-scheme-light text-center\">\n\t\t\t\t\n\t\t\t\t\n\t\t\t\t\t\t\t\t\t<a rel=\"noopener noreferrer nofollow\" href=\"https:\/\/www.facebook.com\/sharer\/sharer.php?u=https:\/\/www.borashockey.se\/a-lag\/toppmatch-ikvall-boras-hc-mariestad-bois\/\" target=\"_blank\" class=\" wd-social-icon social-facebook\" aria-label=\"Facebook social link\">\n\t\t\t\t\t\t<span class=\"wd-icon\"><\/span>\n\t\t\t\t\t\t\t\t\t\t\t<\/a>\n\t\t\t\t\n\t\t\t\t\t\t\t\t\t<a rel=\"noopener noreferrer nofollow\" href=\"https:\/\/x.com\/share?url=https:\/\/www.borashockey.se\/a-lag\/toppmatch-ikvall-boras-hc-mariestad-bois\/\" target=\"_blank\" class=\" wd-social-icon social-twitter\" aria-label=\"X social link\">\n\t\t\t\t\t\t<span class=\"wd-icon\"><\/span>\n\t\t\t\t\t\t\t\t\t\t\t<\/a>\n\t\t\t\t\n\t\t\t\t\n\t\t\t\t\t\t\t\t\t<a rel=\"noopener noreferrer nofollow\" href=\"mailto:?subject=Kolla%20detta%20https:\/\/www.borashockey.se\/a-lag\/toppmatch-ikvall-boras-hc-mariestad-bois\/\" target=\"_blank\" class=\" wd-social-icon social-email\" aria-label=\"Email social link\">\n\t\t\t\t\t\t<span class=\"wd-icon\"><\/span>\n\t\t\t\t\t\t\t\t\t\t\t<\/a>\n\t\t\t\t\n\t\t\t\t\n\t\t\t\t\n\t\t\t\t\n\t\t\t\t\n\t\t\t\t\n\t\t\t\t\n\t\t\t\t\n\t\t\t\t\n\t\t\t\t\n\t\t\t\t\n\t\t\t\t\n\t\t\t\t\n\t\t\t\t\n\t\t\t\t\n\t\t\t\t\n\t\t\t\t\n\t\t\t\t\n\t\t\t\t\n\t\t\t\t\n\t\t\t\t\n\t\t\t\t\n\t\t\t\t\n\t\t\t<\/div>\n\n\t\t\t\t\t\t\t\t\t\t<\/div>\n\t\t\t\t\t\t\t\t<div class=\"tooltip-arrow\"><\/div>\n\t\t\t\t\t\t\t<\/div>\n\t\t\t\t\t\t<\/div>\n\t\t\t\t\t\n\t\t\t\t\t\t\t\t\t<\/div>\n\t\t\t\n\t\t\t\t\t\t\t\t\t\t\t\t<div class=\"wd-post-excerpt entry-content\">\n\t\t\t\t\t\tIkv\u00e4ll \u00e4r det dags f\u00f6r toppmatch i Bor\u00e5s Ishall. Tabelltv\u00e5an Mariestad kommer p\u00e5 bes\u00f6k!\r\nDet \u00e4r en s\u00e5 kallad 6...\t\t\t\t\t<\/div>\n\t\t\t\t\n\t\t\t\t\t\t\t\t\t\t\t\t\t\t<div class=\"wd-post-read-more wd-style-link read-more-section\">\n\t\t\t\t\t\t<a class=\"\" href=\"https:\/\/www.borashockey.se\/a-lag\/toppmatch-ikvall-boras-hc-mariestad-bois\/\">Forts\u00e4tt l\u00e4sa<\/a>\t\t\t\t\t<\/div>\n\t\t\t\t\t\t\t\t\t\t\t\t\t<\/div>\n\t<\/div>\n<\/article>\n\n\t\t\t\t\t\t\t\t\t\t\t\n<article id=\"post-24876\" class=\"wd-post blog-design-default blog-post-loop blog-style-bg wd-add-shadow wd-col post-24876 post type-post status-publish format-standard has-post-thumbnail hentry category-a-lag category-nyheter\">\n\t<div class=\"wd-post-inner article-inner\">\n\t\t\t\t\t<div class=\"wd-post-thumb entry-header\">\n\t\t\t\t\t\t\t\t\t<div class=\"wd-post-img post-img-wrapp\">\n\t\t\t\t\t\t<img width=\"1024\" height=\"576\" src=\"https:\/\/www.borashockey.se\/wp-content\/uploads\/2024\/10\/unnamed-28-1024x576.jpg\" class=\"attachment-large size-large\" alt=\"\" decoding=\"async\" srcset=\"https:\/\/www.borashockey.se\/wp-content\/uploads\/2024\/10\/unnamed-28-1024x576.jpg 1024w, https:\/\/www.borashockey.se\/wp-content\/uploads\/2024\/10\/unnamed-28-550x309.jpg 550w, https:\/\/www.borashockey.se\/wp-content\/uploads\/2024\/10\/unnamed-28-768x432.jpg 768w, https:\/\/www.borashockey.se\/wp-content\/uploads\/2024\/10\/unnamed-28-1536x864.jpg 1536w, https:\/\/www.borashockey.se\/wp-content\/uploads\/2024\/10\/unnamed-28-600x338.jpg 600w, https:\/\/www.borashockey.se\/wp-content\/uploads\/2024\/10\/unnamed-28-1200x675.jpg 1200w, https:\/\/www.borashockey.se\/wp-content\/uploads\/2024\/10\/unnamed-28-150x84.jpg 150w, https:\/\/www.borashockey.se\/wp-content\/uploads\/2024\/10\/unnamed-28.jpg 1920w\" sizes=\"(max-width: 1024px) 100vw, 1024px\" \/>\t\t\t\t\t<\/div>\n\t\t\t\t\t<a class=\"wd-fill\" href=\"https:\/\/www.borashockey.se\/a-lag\/bhc-akte-pa-sin-forsta-forlust-ny-match-ikvall\/\"><\/a>\n\t\t\t\t\n\t\t\t\t\t\t\t\t\t\t\t\t<div class=\"wd-post-date wd-style-with-bg\">\n\t\t\t\t<span class=\"post-date-day\">\n\t\t\t\t\t26\t\t\t\t<\/span>\n\t\t\t\t<span class=\"post-date-month\">\n\t\t\t\t\tokt\t\t\t\t<\/span>\n\t\t\t<\/div>\n\t\t\t\t\t\t\t\t\t<\/div>\n\t\t\n\t\t<div class=\"wd-post-content article-body-container\">\n\t\t\t\t\t\t\t<div class=\"wd-post-cat wd-style-with-bg meta-post-categories\">\n\t\t\t\t\t<a href=\"https:\/\/www.borashockey.se\/category\/a-lag\/\" rel=\"category tag\">A-Lag<\/a>, <a href=\"https:\/\/www.borashockey.se\/category\/nyheter\/\" rel=\"category tag\">Klubbnyheter<\/a>\t\t\t\t<\/div>\n\t\t\t\n\t\t\t\t\t\t\t<h3 class=\"wd-post-title wd-entities-title title post-title\">\n\t\t\t\t\t<a href=\"https:\/\/www.borashockey.se\/a-lag\/bhc-akte-pa-sin-forsta-forlust-ny-match-ikvall\/\" rel=\"bookmark\">BHC \u00e5kte p\u00e5 sin f\u00f6rsta f\u00f6rlust, ny match ikv\u00e4ll!<\/a>\n\t\t\t\t<\/h3>\n\t\t\t\n\t\t\t\t\t\t\t<div class=\"wd-post-meta\">\n\t\t\t\t\t\t\t\t\t\t\t\t\t\t\t<div class=\"wd-post-author\">\n\t\t\t\t\t\t\t\t\t\t\t<span>Postat av<\/span>\n\t\t\n\t\t\t\t\t<img alt='author-avatar' src='https:\/\/secure.gravatar.com\/avatar\/dccacba083d8660da447ece9932da1a85ba9dcd1dd571800cb1478dbf909aa89?s=18&#038;d=mm&#038;r=g' srcset='https:\/\/secure.gravatar.com\/avatar\/dccacba083d8660da447ece9932da1a85ba9dcd1dd571800cb1478dbf909aa89?s=36&#038;d=mm&#038;r=g 2x' class='avatar avatar-18 photo' height='18' width='18' decoding='async'\/>\t\t\n\t\t\t\t\t<a href=\"https:\/\/www.borashockey.se\/author\/media-borashockeygmail-com\/\" class=\"author\" rel=\"author\">Josefine Gustavsson<\/a>\n\t\t\t\t\t\t\t\t\t<\/div>\n\t\t\t\t\t<div class=\"wd-modified-date\">\n\t\t\t\t\t\t\t\t<time class=\"updated\" datetime=\"2024-10-26T14:40:17+02:00\">\n\t\t\t2024-10-26\t\t<\/time>\n\t\t\t\t\t\t\t<\/div>\n\n\t\t\t\t\t\t\t\t\t\t\t<div class=\"wd-post-share wd-tltp\">\n\t\t\t\t\t\t\t<div class=\"tooltip top\">\n\t\t\t\t\t\t\t\t<div class=\"tooltip-inner\">\n\t\t\t\t\t\t\t\t\t\t\t\t<div\n\t\t\t\t\t\tclass=\" wd-social-icons  wd-style-default wd-size-small social-share wd-shape-circle color-scheme-light text-center\">\n\t\t\t\t\n\t\t\t\t\n\t\t\t\t\t\t\t\t\t<a rel=\"noopener noreferrer nofollow\" href=\"https:\/\/www.facebook.com\/sharer\/sharer.php?u=https:\/\/www.borashockey.se\/a-lag\/bhc-akte-pa-sin-forsta-forlust-ny-match-ikvall\/\" target=\"_blank\" class=\" wd-social-icon social-facebook\" aria-label=\"Facebook social link\">\n\t\t\t\t\t\t<span class=\"wd-icon\"><\/span>\n\t\t\t\t\t\t\t\t\t\t\t<\/a>\n\t\t\t\t\n\t\t\t\t\t\t\t\t\t<a rel=\"noopener noreferrer nofollow\" href=\"https:\/\/x.com\/share?url=https:\/\/www.borashockey.se\/a-lag\/bhc-akte-pa-sin-forsta-forlust-ny-match-ikvall\/\" target=\"_blank\" class=\" wd-social-icon social-twitter\" aria-label=\"X social link\">\n\t\t\t\t\t\t<span class=\"wd-icon\"><\/span>\n\t\t\t\t\t\t\t\t\t\t\t<\/a>\n\t\t\t\t\n\t\t\t\t\n\t\t\t\t\t\t\t\t\t<a rel=\"noopener noreferrer nofollow\" href=\"mailto:?subject=Kolla%20detta%20https:\/\/www.borashockey.se\/a-lag\/bhc-akte-pa-sin-forsta-forlust-ny-match-ikvall\/\" target=\"_blank\" class=\" wd-social-icon social-email\" aria-label=\"Email social link\">\n\t\t\t\t\t\t<span class=\"wd-icon\"><\/span>\n\t\t\t\t\t\t\t\t\t\t\t<\/a>\n\t\t\t\t\n\t\t\t\t\n\t\t\t\t\n\t\t\t\t\n\t\t\t\t\n\t\t\t\t\n\t\t\t\t\n\t\t\t\t\n\t\t\t\t\n\t\t\t\t\n\t\t\t\t\n\t\t\t\t\n\t\t\t\t\n\t\t\t\t\n\t\t\t\t\n\t\t\t\t\n\t\t\t\t\n\t\t\t\t\n\t\t\t\t\n\t\t\t\t\n\t\t\t\t\n\t\t\t\t\n\t\t\t\t\n\t\t\t<\/div>\n\n\t\t\t\t\t\t\t\t\t\t<\/div>\n\t\t\t\t\t\t\t\t<div class=\"tooltip-arrow\"><\/div>\n\t\t\t\t\t\t\t<\/div>\n\t\t\t\t\t\t<\/div>\n\t\t\t\t\t\n\t\t\t\t\t\t\t\t\t<\/div>\n\t\t\t\n\t\t\t\t\t\t\t\t\t\t\t\t<div class=\"wd-post-excerpt entry-content\">\n\t\t\t\t\t\tI onsdags \u00e5kte BHC p\u00e5 s\u00e4songens f\u00f6rsta f\u00f6rlust. Det efter 1-o borta mot Lindl\u00f6ven.\r\nMen ikv\u00e4ll \u00e4r det dags f\u00f6r...\t\t\t\t\t<\/div>\n\t\t\t\t\n\t\t\t\t\t\t\t\t\t\t\t\t\t\t<div class=\"wd-post-read-more wd-style-link read-more-section\">\n\t\t\t\t\t\t<a class=\"\" href=\"https:\/\/www.borashockey.se\/a-lag\/bhc-akte-pa-sin-forsta-forlust-ny-match-ikvall\/\">Forts\u00e4tt l\u00e4sa<\/a>\t\t\t\t\t<\/div>\n\t\t\t\t\t\t\t\t\t\t\t\t\t<\/div>\n\t<\/div>\n<\/article>\n\n\t\t\t\t\t\t\t\t\t\t\t\n<article id=\"post-24849\" class=\"wd-post blog-design-default blog-post-loop blog-style-bg wd-add-shadow wd-col post-24849 post type-post status-publish format-standard has-post-thumbnail hentry category-a-lag category-nyheter\">\n\t<div class=\"wd-post-inner article-inner\">\n\t\t\t\t\t<div class=\"wd-post-thumb entry-header\">\n\t\t\t\t\t\t\t\t\t<div class=\"wd-post-img post-img-wrapp\">\n\t\t\t\t\t\t<img width=\"1024\" height=\"576\" src=\"https:\/\/www.borashockey.se\/wp-content\/uploads\/2024\/10\/IMG_7522-1024x576.jpeg\" class=\"attachment-large size-large\" alt=\"\" decoding=\"async\" srcset=\"https:\/\/www.borashockey.se\/wp-content\/uploads\/2024\/10\/IMG_7522-1024x576.jpeg 1024w, https:\/\/www.borashockey.se\/wp-content\/uploads\/2024\/10\/IMG_7522-550x309.jpeg 550w, https:\/\/www.borashockey.se\/wp-content\/uploads\/2024\/10\/IMG_7522-768x432.jpeg 768w, https:\/\/www.borashockey.se\/wp-content\/uploads\/2024\/10\/IMG_7522-1536x864.jpeg 1536w, https:\/\/www.borashockey.se\/wp-content\/uploads\/2024\/10\/IMG_7522-600x338.jpeg 600w, https:\/\/www.borashockey.se\/wp-content\/uploads\/2024\/10\/IMG_7522-1200x675.jpeg 1200w, https:\/\/www.borashockey.se\/wp-content\/uploads\/2024\/10\/IMG_7522-150x84.jpeg 150w, https:\/\/www.borashockey.se\/wp-content\/uploads\/2024\/10\/IMG_7522.jpeg 1920w\" sizes=\"(max-width: 1024px) 100vw, 1024px\" \/>\t\t\t\t\t<\/div>\n\t\t\t\t\t<a class=\"wd-fill\" href=\"https:\/\/www.borashockey.se\/a-lag\/en-tuff-bortamatch-vantar-lindlovens-if-boras-hc\/\"><\/a>\n\t\t\t\t\n\t\t\t\t\t\t\t\t\t\t\t\t<div class=\"wd-post-date wd-style-with-bg\">\n\t\t\t\t<span class=\"post-date-day\">\n\t\t\t\t\t23\t\t\t\t<\/span>\n\t\t\t\t<span class=\"post-date-month\">\n\t\t\t\t\tokt\t\t\t\t<\/span>\n\t\t\t<\/div>\n\t\t\t\t\t\t\t\t\t<\/div>\n\t\t\n\t\t<div class=\"wd-post-content article-body-container\">\n\t\t\t\t\t\t\t<div class=\"wd-post-cat wd-style-with-bg meta-post-categories\">\n\t\t\t\t\t<a href=\"https:\/\/www.borashockey.se\/category\/a-lag\/\" rel=\"category tag\">A-Lag<\/a>, <a href=\"https:\/\/www.borashockey.se\/category\/nyheter\/\" rel=\"category tag\">Klubbnyheter<\/a>\t\t\t\t<\/div>\n\t\t\t\n\t\t\t\t\t\t\t<h3 class=\"wd-post-title wd-entities-title title post-title\">\n\t\t\t\t\t<a href=\"https:\/\/www.borashockey.se\/a-lag\/en-tuff-bortamatch-vantar-lindlovens-if-boras-hc\/\" rel=\"bookmark\">En tuff bortamatch v\u00e4ntar! Lindl\u00f6vens IF &#8211; Bor\u00e5s HC<\/a>\n\t\t\t\t<\/h3>\n\t\t\t\n\t\t\t\t\t\t\t<div class=\"wd-post-meta\">\n\t\t\t\t\t\t\t\t\t\t\t\t\t\t\t<div class=\"wd-post-author\">\n\t\t\t\t\t\t\t\t\t\t\t<span>Postat av<\/span>\n\t\t\n\t\t\t\t\t<img alt='author-avatar' src='https:\/\/secure.gravatar.com\/avatar\/dccacba083d8660da447ece9932da1a85ba9dcd1dd571800cb1478dbf909aa89?s=18&#038;d=mm&#038;r=g' srcset='https:\/\/secure.gravatar.com\/avatar\/dccacba083d8660da447ece9932da1a85ba9dcd1dd571800cb1478dbf909aa89?s=36&#038;d=mm&#038;r=g 2x' class='avatar avatar-18 photo' height='18' width='18' decoding='async'\/>\t\t\n\t\t\t\t\t<a href=\"https:\/\/www.borashockey.se\/author\/media-borashockeygmail-com\/\" class=\"author\" rel=\"author\">Josefine Gustavsson<\/a>\n\t\t\t\t\t\t\t\t\t<\/div>\n\t\t\t\t\t<div class=\"wd-modified-date\">\n\t\t\t\t\t\t\t\t<time class=\"updated\" datetime=\"2024-10-23T18:37:11+02:00\">\n\t\t\t2024-10-23\t\t<\/time>\n\t\t\t\t\t\t\t<\/div>\n\n\t\t\t\t\t\t\t\t\t\t\t<div class=\"wd-post-share wd-tltp\">\n\t\t\t\t\t\t\t<div class=\"tooltip top\">\n\t\t\t\t\t\t\t\t<div class=\"tooltip-inner\">\n\t\t\t\t\t\t\t\t\t\t\t\t<div\n\t\t\t\t\t\tclass=\" wd-social-icons  wd-style-default wd-size-small social-share wd-shape-circle color-scheme-light text-center\">\n\t\t\t\t\n\t\t\t\t\n\t\t\t\t\t\t\t\t\t<a rel=\"noopener noreferrer nofollow\" href=\"https:\/\/www.facebook.com\/sharer\/sharer.php?u=https:\/\/www.borashockey.se\/a-lag\/en-tuff-bortamatch-vantar-lindlovens-if-boras-hc\/\" target=\"_blank\" class=\" wd-social-icon social-facebook\" aria-label=\"Facebook social link\">\n\t\t\t\t\t\t<span class=\"wd-icon\"><\/span>\n\t\t\t\t\t\t\t\t\t\t\t<\/a>\n\t\t\t\t\n\t\t\t\t\t\t\t\t\t<a rel=\"noopener noreferrer nofollow\" href=\"https:\/\/x.com\/share?url=https:\/\/www.borashockey.se\/a-lag\/en-tuff-bortamatch-vantar-lindlovens-if-boras-hc\/\" target=\"_blank\" class=\" wd-social-icon social-twitter\" aria-label=\"X social link\">\n\t\t\t\t\t\t<span class=\"wd-icon\"><\/span>\n\t\t\t\t\t\t\t\t\t\t\t<\/a>\n\t\t\t\t\n\t\t\t\t\n\t\t\t\t\t\t\t\t\t<a rel=\"noopener noreferrer nofollow\" href=\"mailto:?subject=Kolla%20detta%20https:\/\/www.borashockey.se\/a-lag\/en-tuff-bortamatch-vantar-lindlovens-if-boras-hc\/\" target=\"_blank\" class=\" wd-social-icon social-email\" aria-label=\"Email social link\">\n\t\t\t\t\t\t<span class=\"wd-icon\"><\/span>\n\t\t\t\t\t\t\t\t\t\t\t<\/a>\n\t\t\t\t\n\t\t\t\t\n\t\t\t\t\n\t\t\t\t\n\t\t\t\t\n\t\t\t\t\n\t\t\t\t\n\t\t\t\t\n\t\t\t\t\n\t\t\t\t\n\t\t\t\t\n\t\t\t\t\n\t\t\t\t\n\t\t\t\t\n\t\t\t\t\n\t\t\t\t\n\t\t\t\t\n\t\t\t\t\n\t\t\t\t\n\t\t\t\t\n\t\t\t\t\n\t\t\t\t\n\t\t\t\t\n\t\t\t<\/div>\n\n\t\t\t\t\t\t\t\t\t\t<\/div>\n\t\t\t\t\t\t\t\t<div class=\"tooltip-arrow\"><\/div>\n\t\t\t\t\t\t\t<\/div>\n\t\t\t\t\t\t<\/div>\n\t\t\t\t\t\n\t\t\t\t\t\t\t\t\t<\/div>\n\t\t\t\n\t\t\t\t\t\t\t\t\t\t\t\t<div class=\"wd-post-excerpt entry-content\">\n\t\t\t\t\t\tIkv\u00e4ll v\u00e4ntas det en tuff match p\u00e5 bortaplan n\u00e4r Lindl\u00f6vens IF st\u00e5r inf\u00f6r motst\u00e5ndet.\r\nLindl\u00f6ven ligger i skri...\t\t\t\t\t<\/div>\n\t\t\t\t\n\t\t\t\t\t\t\t\t\t\t\t\t\t\t<div class=\"wd-post-read-more wd-style-link read-more-section\">\n\t\t\t\t\t\t<a class=\"\" href=\"https:\/\/www.borashockey.se\/a-lag\/en-tuff-bortamatch-vantar-lindlovens-if-boras-hc\/\">Forts\u00e4tt l\u00e4sa<\/a>\t\t\t\t\t<\/div>\n\t\t\t\t\t\t\t\t\t\t\t\t\t<\/div>\n\t<\/div>\n<\/article>\n\n\t\t\t\t\t\t\t\t\t\t\t\n<article id=\"post-24846\" class=\"wd-post blog-design-default blog-post-loop blog-style-bg wd-add-shadow wd-col post-24846 post type-post status-publish format-standard has-post-thumbnail hentry category-a-lag category-nyheter\">\n\t<div class=\"wd-post-inner article-inner\">\n\t\t\t\t\t<div class=\"wd-post-thumb entry-header\">\n\t\t\t\t\t\t\t\t\t<div class=\"wd-post-img post-img-wrapp\">\n\t\t\t\t\t\t<img width=\"580\" height=\"326\" src=\"https:\/\/www.borashockey.se\/wp-content\/uploads\/2023\/07\/BHC-NEUTRAL-580x326-1.jpg\" class=\"attachment-large size-large\" alt=\"\" decoding=\"async\" srcset=\"https:\/\/www.borashockey.se\/wp-content\/uploads\/2023\/07\/BHC-NEUTRAL-580x326-1.jpg 580w, https:\/\/www.borashockey.se\/wp-content\/uploads\/2023\/07\/BHC-NEUTRAL-580x326-1-550x309.jpg 550w, https:\/\/www.borashockey.se\/wp-content\/uploads\/2023\/07\/BHC-NEUTRAL-580x326-1-150x84.jpg 150w\" sizes=\"(max-width: 580px) 100vw, 580px\" \/>\t\t\t\t\t<\/div>\n\t\t\t\t\t<a class=\"wd-fill\" href=\"https:\/\/www.borashockey.se\/a-lag\/boras-hockey-och-eric-hultgren-gar-skilda-vagar\/\"><\/a>\n\t\t\t\t\n\t\t\t\t\t\t\t\t\t\t\t\t<div class=\"wd-post-date wd-style-with-bg\">\n\t\t\t\t<span class=\"post-date-day\">\n\t\t\t\t\t23\t\t\t\t<\/span>\n\t\t\t\t<span class=\"post-date-month\">\n\t\t\t\t\tokt\t\t\t\t<\/span>\n\t\t\t<\/div>\n\t\t\t\t\t\t\t\t\t<\/div>\n\t\t\n\t\t<div class=\"wd-post-content article-body-container\">\n\t\t\t\t\t\t\t<div class=\"wd-post-cat wd-style-with-bg meta-post-categories\">\n\t\t\t\t\t<a href=\"https:\/\/www.borashockey.se\/category\/a-lag\/\" rel=\"category tag\">A-Lag<\/a>, <a href=\"https:\/\/www.borashockey.se\/category\/nyheter\/\" rel=\"category tag\">Klubbnyheter<\/a>\t\t\t\t<\/div>\n\t\t\t\n\t\t\t\t\t\t\t<h3 class=\"wd-post-title wd-entities-title title post-title\">\n\t\t\t\t\t<a href=\"https:\/\/www.borashockey.se\/a-lag\/boras-hockey-och-eric-hultgren-gar-skilda-vagar\/\" rel=\"bookmark\">Bor\u00e5s Hockey och Eric Hultgren g\u00e5r skilda v\u00e4gar<\/a>\n\t\t\t\t<\/h3>\n\t\t\t\n\t\t\t\t\t\t\t<div class=\"wd-post-meta\">\n\t\t\t\t\t\t\t\t\t\t\t\t\t\t\t<div class=\"wd-post-author\">\n\t\t\t\t\t\t\t\t\t\t\t<span>Postat av<\/span>\n\t\t\n\t\t\t\t\t<img alt='author-avatar' src='https:\/\/secure.gravatar.com\/avatar\/dccacba083d8660da447ece9932da1a85ba9dcd1dd571800cb1478dbf909aa89?s=18&#038;d=mm&#038;r=g' srcset='https:\/\/secure.gravatar.com\/avatar\/dccacba083d8660da447ece9932da1a85ba9dcd1dd571800cb1478dbf909aa89?s=36&#038;d=mm&#038;r=g 2x' class='avatar avatar-18 photo' height='18' width='18' decoding='async'\/>\t\t\n\t\t\t\t\t<a href=\"https:\/\/www.borashockey.se\/author\/media-borashockeygmail-com\/\" class=\"author\" rel=\"author\">Josefine Gustavsson<\/a>\n\t\t\t\t\t\t\t\t\t<\/div>\n\t\t\t\t\t<div class=\"wd-modified-date\">\n\t\t\t\t\t\t\t\t<time class=\"updated\" datetime=\"2024-10-23T12:54:24+02:00\">\n\t\t\t2024-10-23\t\t<\/time>\n\t\t\t\t\t\t\t<\/div>\n\n\t\t\t\t\t\t\t\t\t\t\t<div class=\"wd-post-share wd-tltp\">\n\t\t\t\t\t\t\t<div class=\"tooltip top\">\n\t\t\t\t\t\t\t\t<div class=\"tooltip-inner\">\n\t\t\t\t\t\t\t\t\t\t\t\t<div\n\t\t\t\t\t\tclass=\" wd-social-icons  wd-style-default wd-size-small social-share wd-shape-circle color-scheme-light text-center\">\n\t\t\t\t\n\t\t\t\t\n\t\t\t\t\t\t\t\t\t<a rel=\"noopener noreferrer nofollow\" href=\"https:\/\/www.facebook.com\/sharer\/sharer.php?u=https:\/\/www.borashockey.se\/a-lag\/boras-hockey-och-eric-hultgren-gar-skilda-vagar\/\" target=\"_blank\" class=\" wd-social-icon social-facebook\" aria-label=\"Facebook social link\">\n\t\t\t\t\t\t<span class=\"wd-icon\"><\/span>\n\t\t\t\t\t\t\t\t\t\t\t<\/a>\n\t\t\t\t\n\t\t\t\t\t\t\t\t\t<a rel=\"noopener noreferrer nofollow\" href=\"https:\/\/x.com\/share?url=https:\/\/www.borashockey.se\/a-lag\/boras-hockey-och-eric-hultgren-gar-skilda-vagar\/\" target=\"_blank\" class=\" wd-social-icon social-twitter\" aria-label=\"X social link\">\n\t\t\t\t\t\t<span class=\"wd-icon\"><\/span>\n\t\t\t\t\t\t\t\t\t\t\t<\/a>\n\t\t\t\t\n\t\t\t\t\n\t\t\t\t\t\t\t\t\t<a rel=\"noopener noreferrer nofollow\" href=\"mailto:?subject=Kolla%20detta%20https:\/\/www.borashockey.se\/a-lag\/boras-hockey-och-eric-hultgren-gar-skilda-vagar\/\" target=\"_blank\" class=\" wd-social-icon social-email\" aria-label=\"Email social link\">\n\t\t\t\t\t\t<span class=\"wd-icon\"><\/span>\n\t\t\t\t\t\t\t\t\t\t\t<\/a>\n\t\t\t\t\n\t\t\t\t\n\t\t\t\t\n\t\t\t\t\n\t\t\t\t\n\t\t\t\t\n\t\t\t\t\n\t\t\t\t\n\t\t\t\t\n\t\t\t\t\n\t\t\t\t\n\t\t\t\t\n\t\t\t\t\n\t\t\t\t\n\t\t\t\t\n\t\t\t\t\n\t\t\t\t\n\t\t\t\t\n\t\t\t\t\n\t\t\t\t\n\t\t\t\t\n\t\t\t\t\n\t\t\t\t\n\t\t\t<\/div>\n\n\t\t\t\t\t\t\t\t\t\t<\/div>\n\t\t\t\t\t\t\t\t<div class=\"tooltip-arrow\"><\/div>\n\t\t\t\t\t\t\t<\/div>\n\t\t\t\t\t\t<\/div>\n\t\t\t\t\t\n\t\t\t\t\t\t\t\t\t<\/div>\n\t\t\t\n\t\t\t\t\t\t\t\t\t\t\t\t<div class=\"wd-post-excerpt entry-content\">\n\t\t\t\t\t\tBor\u00e5s Hockey och Eric Hultgren g\u00e5r skilda v\u00e4gar\r\nEric v\u00e4ljer av personliga sk\u00e4l att flytta n\u00e4rmre sitt hem och...\t\t\t\t\t<\/div>\n\t\t\t\t\n\t\t\t\t\t\t\t\t\t\t\t\t\t\t<div class=\"wd-post-read-more wd-style-link read-more-section\">\n\t\t\t\t\t\t<a class=\"\" href=\"https:\/\/www.borashockey.se\/a-lag\/boras-hockey-och-eric-hultgren-gar-skilda-vagar\/\">Forts\u00e4tt l\u00e4sa<\/a>\t\t\t\t\t<\/div>\n\t\t\t\t\t\t\t\t\t\t\t\t\t<\/div>\n\t<\/div>\n<\/article>\n\n\t\t\t\t\t\t\t\t\t\t\t\n<article id=\"post-24827\" class=\"wd-post blog-design-default blog-post-loop blog-style-bg wd-add-shadow wd-col post-24827 post type-post status-publish format-standard has-post-thumbnail hentry category-a-lag category-nyheter\">\n\t<div class=\"wd-post-inner article-inner\">\n\t\t\t\t\t<div class=\"wd-post-thumb entry-header\">\n\t\t\t\t\t\t\t\t\t<div class=\"wd-post-img post-img-wrapp\">\n\t\t\t\t\t\t<img width=\"1024\" height=\"576\" src=\"https:\/\/www.borashockey.se\/wp-content\/uploads\/2024\/10\/unnamed-27-1024x576.jpg\" class=\"attachment-large size-large\" alt=\"\" decoding=\"async\" srcset=\"https:\/\/www.borashockey.se\/wp-content\/uploads\/2024\/10\/unnamed-27-1024x576.jpg 1024w, https:\/\/www.borashockey.se\/wp-content\/uploads\/2024\/10\/unnamed-27-550x309.jpg 550w, https:\/\/www.borashockey.se\/wp-content\/uploads\/2024\/10\/unnamed-27-768x432.jpg 768w, https:\/\/www.borashockey.se\/wp-content\/uploads\/2024\/10\/unnamed-27-1536x864.jpg 1536w, https:\/\/www.borashockey.se\/wp-content\/uploads\/2024\/10\/unnamed-27-600x338.jpg 600w, https:\/\/www.borashockey.se\/wp-content\/uploads\/2024\/10\/unnamed-27-1200x675.jpg 1200w, https:\/\/www.borashockey.se\/wp-content\/uploads\/2024\/10\/unnamed-27-150x84.jpg 150w, https:\/\/www.borashockey.se\/wp-content\/uploads\/2024\/10\/unnamed-27.jpg 1920w\" sizes=\"(max-width: 1024px) 100vw, 1024px\" \/>\t\t\t\t\t<\/div>\n\t\t\t\t\t<a class=\"wd-fill\" href=\"https:\/\/www.borashockey.se\/a-lag\/dags-for-bortamatch-borlange-hockey-boras-hc\/\"><\/a>\n\t\t\t\t\n\t\t\t\t\t\t\t\t\t\t\t\t<div class=\"wd-post-date wd-style-with-bg\">\n\t\t\t\t<span class=\"post-date-day\">\n\t\t\t\t\t19\t\t\t\t<\/span>\n\t\t\t\t<span class=\"post-date-month\">\n\t\t\t\t\tokt\t\t\t\t<\/span>\n\t\t\t<\/div>\n\t\t\t\t\t\t\t\t\t<\/div>\n\t\t\n\t\t<div class=\"wd-post-content article-body-container\">\n\t\t\t\t\t\t\t<div class=\"wd-post-cat wd-style-with-bg meta-post-categories\">\n\t\t\t\t\t<a href=\"https:\/\/www.borashockey.se\/category\/a-lag\/\" rel=\"category tag\">A-Lag<\/a>, <a href=\"https:\/\/www.borashockey.se\/category\/nyheter\/\" rel=\"category tag\">Klubbnyheter<\/a>\t\t\t\t<\/div>\n\t\t\t\n\t\t\t\t\t\t\t<h3 class=\"wd-post-title wd-entities-title title post-title\">\n\t\t\t\t\t<a href=\"https:\/\/www.borashockey.se\/a-lag\/dags-for-bortamatch-borlange-hockey-boras-hc\/\" rel=\"bookmark\">Dags f\u00f6r bortamatch! Borl\u00e4nge Hockey &#8211; Bor\u00e5s HC<\/a>\n\t\t\t\t<\/h3>\n\t\t\t\n\t\t\t\t\t\t\t<div class=\"wd-post-meta\">\n\t\t\t\t\t\t\t\t\t\t\t\t\t\t\t<div class=\"wd-post-author\">\n\t\t\t\t\t\t\t\t\t\t\t<span>Postat av<\/span>\n\t\t\n\t\t\t\t\t<img alt='author-avatar' src='https:\/\/secure.gravatar.com\/avatar\/dccacba083d8660da447ece9932da1a85ba9dcd1dd571800cb1478dbf909aa89?s=18&#038;d=mm&#038;r=g' srcset='https:\/\/secure.gravatar.com\/avatar\/dccacba083d8660da447ece9932da1a85ba9dcd1dd571800cb1478dbf909aa89?s=36&#038;d=mm&#038;r=g 2x' class='avatar avatar-18 photo' height='18' width='18' decoding='async'\/>\t\t\n\t\t\t\t\t<a href=\"https:\/\/www.borashockey.se\/author\/media-borashockeygmail-com\/\" class=\"author\" rel=\"author\">Josefine Gustavsson<\/a>\n\t\t\t\t\t\t\t\t\t<\/div>\n\t\t\t\t\t<div class=\"wd-modified-date\">\n\t\t\t\t\t\t\t\t<time class=\"updated\" datetime=\"2024-10-19T09:00:14+02:00\">\n\t\t\t2024-10-19\t\t<\/time>\n\t\t\t\t\t\t\t<\/div>\n\n\t\t\t\t\t\t\t\t\t\t\t<div class=\"wd-post-share wd-tltp\">\n\t\t\t\t\t\t\t<div class=\"tooltip top\">\n\t\t\t\t\t\t\t\t<div class=\"tooltip-inner\">\n\t\t\t\t\t\t\t\t\t\t\t\t<div\n\t\t\t\t\t\tclass=\" wd-social-icons  wd-style-default wd-size-small social-share wd-shape-circle color-scheme-light text-center\">\n\t\t\t\t\n\t\t\t\t\n\t\t\t\t\t\t\t\t\t<a rel=\"noopener noreferrer nofollow\" href=\"https:\/\/www.facebook.com\/sharer\/sharer.php?u=https:\/\/www.borashockey.se\/a-lag\/dags-for-bortamatch-borlange-hockey-boras-hc\/\" target=\"_blank\" class=\" wd-social-icon social-facebook\" aria-label=\"Facebook social link\">\n\t\t\t\t\t\t<span class=\"wd-icon\"><\/span>\n\t\t\t\t\t\t\t\t\t\t\t<\/a>\n\t\t\t\t\n\t\t\t\t\t\t\t\t\t<a rel=\"noopener noreferrer nofollow\" href=\"https:\/\/x.com\/share?url=https:\/\/www.borashockey.se\/a-lag\/dags-for-bortamatch-borlange-hockey-boras-hc\/\" target=\"_blank\" class=\" wd-social-icon social-twitter\" aria-label=\"X social link\">\n\t\t\t\t\t\t<span class=\"wd-icon\"><\/span>\n\t\t\t\t\t\t\t\t\t\t\t<\/a>\n\t\t\t\t\n\t\t\t\t\n\t\t\t\t\t\t\t\t\t<a rel=\"noopener noreferrer nofollow\" href=\"mailto:?subject=Kolla%20detta%20https:\/\/www.borashockey.se\/a-lag\/dags-for-bortamatch-borlange-hockey-boras-hc\/\" target=\"_blank\" class=\" wd-social-icon social-email\" aria-label=\"Email social link\">\n\t\t\t\t\t\t<span class=\"wd-icon\"><\/span>\n\t\t\t\t\t\t\t\t\t\t\t<\/a>\n\t\t\t\t\n\t\t\t\t\n\t\t\t\t\n\t\t\t\t\n\t\t\t\t\n\t\t\t\t\n\t\t\t\t\n\t\t\t\t\n\t\t\t\t\n\t\t\t\t\n\t\t\t\t\n\t\t\t\t\n\t\t\t\t\n\t\t\t\t\n\t\t\t\t\n\t\t\t\t\n\t\t\t\t\n\t\t\t\t\n\t\t\t\t\n\t\t\t\t\n\t\t\t\t\n\t\t\t\t\n\t\t\t\t\n\t\t\t<\/div>\n\n\t\t\t\t\t\t\t\t\t\t<\/div>\n\t\t\t\t\t\t\t\t<div class=\"tooltip-arrow\"><\/div>\n\t\t\t\t\t\t\t<\/div>\n\t\t\t\t\t\t<\/div>\n\t\t\t\t\t\n\t\t\t\t\t\t\t\t\t<\/div>\n\t\t\t\n\t\t\t\t\t\t\t\t\t\t\t\t<div class=\"wd-post-excerpt entry-content\">\n\t\t\t\t\t\tEfter ett lite l\u00e4ngre matchuppeh\u00e5ll har det nu blivit dags att \u00e5ka upp till Borl\u00e4nge f\u00f6r l\u00f6rdagsmatch!\r\nBHC ko...\t\t\t\t\t<\/div>\n\t\t\t\t\n\t\t\t\t\t\t\t\t\t\t\t\t\t\t<div class=\"wd-post-read-more wd-style-link read-more-section\">\n\t\t\t\t\t\t<a class=\"\" href=\"https:\/\/www.borashockey.se\/a-lag\/dags-for-bortamatch-borlange-hockey-boras-hc\/\">Forts\u00e4tt l\u00e4sa<\/a>\t\t\t\t\t<\/div>\n\t\t\t\t\t\t\t\t\t\t\t\t\t<\/div>\n\t<\/div>\n<\/article>\n\n\t\t\t\t\t\t\t\t\t\t\t\n<article id=\"post-24703\" class=\"wd-post blog-design-default blog-post-loop blog-style-bg wd-add-shadow wd-col post-24703 post type-post status-publish format-standard has-post-thumbnail hentry category-a-lag category-nyheter\">\n\t<div class=\"wd-post-inner article-inner\">\n\t\t\t\t\t<div class=\"wd-post-thumb entry-header\">\n\t\t\t\t\t\t\t\t\t<div class=\"wd-post-img post-img-wrapp\">\n\t\t\t\t\t\t<img width=\"1024\" height=\"615\" src=\"https:\/\/www.borashockey.se\/wp-content\/uploads\/2024\/09\/unnamed-26-1024x615.jpg\" class=\"attachment-large size-large\" alt=\"\" decoding=\"async\" srcset=\"https:\/\/www.borashockey.se\/wp-content\/uploads\/2024\/09\/unnamed-26-1024x615.jpg 1024w, https:\/\/www.borashockey.se\/wp-content\/uploads\/2024\/09\/unnamed-26-550x330.jpg 550w, https:\/\/www.borashockey.se\/wp-content\/uploads\/2024\/09\/unnamed-26-768x461.jpg 768w, https:\/\/www.borashockey.se\/wp-content\/uploads\/2024\/09\/unnamed-26-1536x922.jpg 1536w, https:\/\/www.borashockey.se\/wp-content\/uploads\/2024\/09\/unnamed-26-600x360.jpg 600w, https:\/\/www.borashockey.se\/wp-content\/uploads\/2024\/09\/unnamed-26-1200x720.jpg 1200w, https:\/\/www.borashockey.se\/wp-content\/uploads\/2024\/09\/unnamed-26-150x90.jpg 150w, https:\/\/www.borashockey.se\/wp-content\/uploads\/2024\/09\/unnamed-26.jpg 2047w\" sizes=\"(max-width: 1024px) 100vw, 1024px\" \/>\t\t\t\t\t<\/div>\n\t\t\t\t\t<a class=\"wd-fill\" href=\"https:\/\/www.borashockey.se\/a-lag\/bhc-vinner-igen-och-tar-tredje-raka-segern\/\"><\/a>\n\t\t\t\t\n\t\t\t\t\t\t\t\t\t\t\t\t<div class=\"wd-post-date wd-style-with-bg\">\n\t\t\t\t<span class=\"post-date-day\">\n\t\t\t\t\t29\t\t\t\t<\/span>\n\t\t\t\t<span class=\"post-date-month\">\n\t\t\t\t\tsep\t\t\t\t<\/span>\n\t\t\t<\/div>\n\t\t\t\t\t\t\t\t\t<\/div>\n\t\t\n\t\t<div class=\"wd-post-content article-body-container\">\n\t\t\t\t\t\t\t<div class=\"wd-post-cat wd-style-with-bg meta-post-categories\">\n\t\t\t\t\t<a href=\"https:\/\/www.borashockey.se\/category\/a-lag\/\" rel=\"category tag\">A-Lag<\/a>, <a href=\"https:\/\/www.borashockey.se\/category\/nyheter\/\" rel=\"category tag\">Klubbnyheter<\/a>\t\t\t\t<\/div>\n\t\t\t\n\t\t\t\t\t\t\t<h3 class=\"wd-post-title wd-entities-title title post-title\">\n\t\t\t\t\t<a href=\"https:\/\/www.borashockey.se\/a-lag\/bhc-vinner-igen-och-tar-tredje-raka-segern\/\" rel=\"bookmark\">BHC vinner igen och tar tredje raka segern!<\/a>\n\t\t\t\t<\/h3>\n\t\t\t\n\t\t\t\t\t\t\t<div class=\"wd-post-meta\">\n\t\t\t\t\t\t\t\t\t\t\t\t\t\t\t<div class=\"wd-post-author\">\n\t\t\t\t\t\t\t\t\t\t\t<span>Postat av<\/span>\n\t\t\n\t\t\t\t\t<img alt='author-avatar' src='https:\/\/secure.gravatar.com\/avatar\/dccacba083d8660da447ece9932da1a85ba9dcd1dd571800cb1478dbf909aa89?s=18&#038;d=mm&#038;r=g' srcset='https:\/\/secure.gravatar.com\/avatar\/dccacba083d8660da447ece9932da1a85ba9dcd1dd571800cb1478dbf909aa89?s=36&#038;d=mm&#038;r=g 2x' class='avatar avatar-18 photo' height='18' width='18' decoding='async'\/>\t\t\n\t\t\t\t\t<a href=\"https:\/\/www.borashockey.se\/author\/media-borashockeygmail-com\/\" class=\"author\" rel=\"author\">Josefine Gustavsson<\/a>\n\t\t\t\t\t\t\t\t\t<\/div>\n\t\t\t\t\t<div class=\"wd-modified-date\">\n\t\t\t\t\t\t\t\t<time class=\"updated\" datetime=\"2024-09-29T20:11:50+02:00\">\n\t\t\t2024-09-29\t\t<\/time>\n\t\t\t\t\t\t\t<\/div>\n\n\t\t\t\t\t\t\t\t\t\t\t<div class=\"wd-post-share wd-tltp\">\n\t\t\t\t\t\t\t<div class=\"tooltip top\">\n\t\t\t\t\t\t\t\t<div class=\"tooltip-inner\">\n\t\t\t\t\t\t\t\t\t\t\t\t<div\n\t\t\t\t\t\tclass=\" wd-social-icons  wd-style-default wd-size-small social-share wd-shape-circle color-scheme-light text-center\">\n\t\t\t\t\n\t\t\t\t\n\t\t\t\t\t\t\t\t\t<a rel=\"noopener noreferrer nofollow\" href=\"https:\/\/www.facebook.com\/sharer\/sharer.php?u=https:\/\/www.borashockey.se\/a-lag\/bhc-vinner-igen-och-tar-tredje-raka-segern\/\" target=\"_blank\" class=\" wd-social-icon social-facebook\" aria-label=\"Facebook social link\">\n\t\t\t\t\t\t<span class=\"wd-icon\"><\/span>\n\t\t\t\t\t\t\t\t\t\t\t<\/a>\n\t\t\t\t\n\t\t\t\t\t\t\t\t\t<a rel=\"noopener noreferrer nofollow\" href=\"https:\/\/x.com\/share?url=https:\/\/www.borashockey.se\/a-lag\/bhc-vinner-igen-och-tar-tredje-raka-segern\/\" target=\"_blank\" class=\" wd-social-icon social-twitter\" aria-label=\"X social link\">\n\t\t\t\t\t\t<span class=\"wd-icon\"><\/span>\n\t\t\t\t\t\t\t\t\t\t\t<\/a>\n\t\t\t\t\n\t\t\t\t\n\t\t\t\t\t\t\t\t\t<a rel=\"noopener noreferrer nofollow\" href=\"mailto:?subject=Kolla%20detta%20https:\/\/www.borashockey.se\/a-lag\/bhc-vinner-igen-och-tar-tredje-raka-segern\/\" target=\"_blank\" class=\" wd-social-icon social-email\" aria-label=\"Email social link\">\n\t\t\t\t\t\t<span class=\"wd-icon\"><\/span>\n\t\t\t\t\t\t\t\t\t\t\t<\/a>\n\t\t\t\t\n\t\t\t\t\n\t\t\t\t\n\t\t\t\t\n\t\t\t\t\n\t\t\t\t\n\t\t\t\t\n\t\t\t\t\n\t\t\t\t\n\t\t\t\t\n\t\t\t\t\n\t\t\t\t\n\t\t\t\t\n\t\t\t\t\n\t\t\t\t\n\t\t\t\t\n\t\t\t\t\n\t\t\t\t\n\t\t\t\t\n\t\t\t\t\n\t\t\t\t\n\t\t\t\t\n\t\t\t\t\n\t\t\t<\/div>\n\n\t\t\t\t\t\t\t\t\t\t<\/div>\n\t\t\t\t\t\t\t\t<div class=\"tooltip-arrow\"><\/div>\n\t\t\t\t\t\t\t<\/div>\n\t\t\t\t\t\t<\/div>\n\t\t\t\t\t\n\t\t\t\t\t\t\t\t\t<\/div>\n\t\t\t\n\t\t\t\t\t\t\t\t\t\t\t\t<div class=\"wd-post-excerpt entry-content\">\n\t\t\t\t\t\tFoto: Anders Gustafsson\r\nBHC tog idag den tredje raka seger och har d\u00e4rmed kl\u00e4ttrat upp till en f\u00f6rstaplats i ...\t\t\t\t\t<\/div>\n\t\t\t\t\n\t\t\t\t\t\t\t\t\t\t\t\t\t\t<div class=\"wd-post-read-more wd-style-link read-more-section\">\n\t\t\t\t\t\t<a class=\"\" href=\"https:\/\/www.borashockey.se\/a-lag\/bhc-vinner-igen-och-tar-tredje-raka-segern\/\">Forts\u00e4tt l\u00e4sa<\/a>\t\t\t\t\t<\/div>\n\t\t\t\t\t\t\t\t\t\t\t\t\t<\/div>\n\t<\/div>\n<\/article>\n\n\t\t\t\t\t\t\t\t\t\t\t\n<article id=\"post-24694\" class=\"wd-post blog-design-default blog-post-loop blog-style-bg wd-add-shadow wd-col post-24694 post type-post status-publish format-standard has-post-thumbnail hentry category-a-lag category-nyheter\">\n\t<div class=\"wd-post-inner article-inner\">\n\t\t\t\t\t<div class=\"wd-post-thumb entry-header\">\n\t\t\t\t\t\t\t\t\t<div class=\"wd-post-img post-img-wrapp\">\n\t\t\t\t\t\t<img width=\"1024\" height=\"576\" src=\"https:\/\/www.borashockey.se\/wp-content\/uploads\/2024\/09\/unnamed-25-1024x576.jpg\" class=\"attachment-large size-large\" alt=\"\" decoding=\"async\" srcset=\"https:\/\/www.borashockey.se\/wp-content\/uploads\/2024\/09\/unnamed-25-1024x576.jpg 1024w, https:\/\/www.borashockey.se\/wp-content\/uploads\/2024\/09\/unnamed-25-550x309.jpg 550w, https:\/\/www.borashockey.se\/wp-content\/uploads\/2024\/09\/unnamed-25-768x432.jpg 768w, https:\/\/www.borashockey.se\/wp-content\/uploads\/2024\/09\/unnamed-25-1536x864.jpg 1536w, https:\/\/www.borashockey.se\/wp-content\/uploads\/2024\/09\/unnamed-25-600x338.jpg 600w, https:\/\/www.borashockey.se\/wp-content\/uploads\/2024\/09\/unnamed-25-1200x675.jpg 1200w, https:\/\/www.borashockey.se\/wp-content\/uploads\/2024\/09\/unnamed-25-150x84.jpg 150w, https:\/\/www.borashockey.se\/wp-content\/uploads\/2024\/09\/unnamed-25.jpg 1920w\" sizes=\"(max-width: 1024px) 100vw, 1024px\" \/>\t\t\t\t\t<\/div>\n\t\t\t\t\t<a class=\"wd-fill\" href=\"https:\/\/www.borashockey.se\/a-lag\/vinst-i-hemmapremiaren-och-ny-match-idag\/\"><\/a>\n\t\t\t\t\n\t\t\t\t\t\t\t\t\t\t\t\t<div class=\"wd-post-date wd-style-with-bg\">\n\t\t\t\t<span class=\"post-date-day\">\n\t\t\t\t\t29\t\t\t\t<\/span>\n\t\t\t\t<span class=\"post-date-month\">\n\t\t\t\t\tsep\t\t\t\t<\/span>\n\t\t\t<\/div>\n\t\t\t\t\t\t\t\t\t<\/div>\n\t\t\n\t\t<div class=\"wd-post-content article-body-container\">\n\t\t\t\t\t\t\t<div class=\"wd-post-cat wd-style-with-bg meta-post-categories\">\n\t\t\t\t\t<a href=\"https:\/\/www.borashockey.se\/category\/a-lag\/\" rel=\"category tag\">A-Lag<\/a>, <a href=\"https:\/\/www.borashockey.se\/category\/nyheter\/\" rel=\"category tag\">Klubbnyheter<\/a>\t\t\t\t<\/div>\n\t\t\t\n\t\t\t\t\t\t\t<h3 class=\"wd-post-title wd-entities-title title post-title\">\n\t\t\t\t\t<a href=\"https:\/\/www.borashockey.se\/a-lag\/vinst-i-hemmapremiaren-och-ny-match-idag\/\" rel=\"bookmark\">Vinst i hemmapremi\u00e4ren och ny match idag!<\/a>\n\t\t\t\t<\/h3>\n\t\t\t\n\t\t\t\t\t\t\t<div class=\"wd-post-meta\">\n\t\t\t\t\t\t\t\t\t\t\t\t\t\t\t<div class=\"wd-post-author\">\n\t\t\t\t\t\t\t\t\t\t\t<span>Postat av<\/span>\n\t\t\n\t\t\t\t\t<img alt='author-avatar' src='https:\/\/secure.gravatar.com\/avatar\/dccacba083d8660da447ece9932da1a85ba9dcd1dd571800cb1478dbf909aa89?s=18&#038;d=mm&#038;r=g' srcset='https:\/\/secure.gravatar.com\/avatar\/dccacba083d8660da447ece9932da1a85ba9dcd1dd571800cb1478dbf909aa89?s=36&#038;d=mm&#038;r=g 2x' class='avatar avatar-18 photo' height='18' width='18' decoding='async'\/>\t\t\n\t\t\t\t\t<a href=\"https:\/\/www.borashockey.se\/author\/media-borashockeygmail-com\/\" class=\"author\" rel=\"author\">Josefine Gustavsson<\/a>\n\t\t\t\t\t\t\t\t\t<\/div>\n\t\t\t\t\t<div class=\"wd-modified-date\">\n\t\t\t\t\t\t\t\t<time class=\"updated\" datetime=\"2024-09-29T12:58:56+02:00\">\n\t\t\t2024-09-29\t\t<\/time>\n\t\t\t\t\t\t\t<\/div>\n\n\t\t\t\t\t\t\t\t\t\t\t<div class=\"wd-post-share wd-tltp\">\n\t\t\t\t\t\t\t<div class=\"tooltip top\">\n\t\t\t\t\t\t\t\t<div class=\"tooltip-inner\">\n\t\t\t\t\t\t\t\t\t\t\t\t<div\n\t\t\t\t\t\tclass=\" wd-social-icons  wd-style-default wd-size-small social-share wd-shape-circle color-scheme-light text-center\">\n\t\t\t\t\n\t\t\t\t\n\t\t\t\t\t\t\t\t\t<a rel=\"noopener noreferrer nofollow\" href=\"https:\/\/www.facebook.com\/sharer\/sharer.php?u=https:\/\/www.borashockey.se\/a-lag\/vinst-i-hemmapremiaren-och-ny-match-idag\/\" target=\"_blank\" class=\" wd-social-icon social-facebook\" aria-label=\"Facebook social link\">\n\t\t\t\t\t\t<span class=\"wd-icon\"><\/span>\n\t\t\t\t\t\t\t\t\t\t\t<\/a>\n\t\t\t\t\n\t\t\t\t\t\t\t\t\t<a rel=\"noopener noreferrer nofollow\" href=\"https:\/\/x.com\/share?url=https:\/\/www.borashockey.se\/a-lag\/vinst-i-hemmapremiaren-och-ny-match-idag\/\" target=\"_blank\" class=\" wd-social-icon social-twitter\" aria-label=\"X social link\">\n\t\t\t\t\t\t<span class=\"wd-icon\"><\/span>\n\t\t\t\t\t\t\t\t\t\t\t<\/a>\n\t\t\t\t\n\t\t\t\t\n\t\t\t\t\t\t\t\t\t<a rel=\"noopener noreferrer nofollow\" href=\"mailto:?subject=Kolla%20detta%20https:\/\/www.borashockey.se\/a-lag\/vinst-i-hemmapremiaren-och-ny-match-idag\/\" target=\"_blank\" class=\" wd-social-icon social-email\" aria-label=\"Email social link\">\n\t\t\t\t\t\t<span class=\"wd-icon\"><\/span>\n\t\t\t\t\t\t\t\t\t\t\t<\/a>\n\t\t\t\t\n\t\t\t\t\n\t\t\t\t\n\t\t\t\t\n\t\t\t\t\n\t\t\t\t\n\t\t\t\t\n\t\t\t\t\n\t\t\t\t\n\t\t\t\t\n\t\t\t\t\n\t\t\t\t\n\t\t\t\t\n\t\t\t\t\n\t\t\t\t\n\t\t\t\t\n\t\t\t\t\n\t\t\t\t\n\t\t\t\t\n\t\t\t\t\n\t\t\t\t\n\t\t\t\t\n\t\t\t\t\n\t\t\t<\/div>\n\n\t\t\t\t\t\t\t\t\t\t<\/div>\n\t\t\t\t\t\t\t\t<div class=\"tooltip-arrow\"><\/div>\n\t\t\t\t\t\t\t<\/div>\n\t\t\t\t\t\t<\/div>\n\t\t\t\t\t\n\t\t\t\t\t\t\t\t\t<\/div>\n\t\t\t\n\t\t\t\t\t\t\t\t\t\t\t\t<div class=\"wd-post-excerpt entry-content\">\n\t\t\t\t\t\tDet blev en vinst i hemmapremi\u00e4ren mot Mj\u00f6lby i onsdags! BHC hade greppet om Mj\u00f6lby men hade under tv\u00e5 periode...\t\t\t\t\t<\/div>\n\t\t\t\t\n\t\t\t\t\t\t\t\t\t\t\t\t\t\t<div class=\"wd-post-read-more wd-style-link read-more-section\">\n\t\t\t\t\t\t<a class=\"\" href=\"https:\/\/www.borashockey.se\/a-lag\/vinst-i-hemmapremiaren-och-ny-match-idag\/\">Forts\u00e4tt l\u00e4sa<\/a>\t\t\t\t\t<\/div>\n\t\t\t\t\t\t\t\t\t\t\t\t\t<\/div>\n\t<\/div>\n<\/article>\n\n\t\t\t\t\t\t\t\t\t\t\t\n<article id=\"post-24648\" class=\"wd-post blog-design-default blog-post-loop blog-style-bg wd-add-shadow wd-col post-24648 post type-post status-publish format-standard has-post-thumbnail hentry category-a-lag category-nyheter\">\n\t<div class=\"wd-post-inner article-inner\">\n\t\t\t\t\t<div class=\"wd-post-thumb entry-header\">\n\t\t\t\t\t\t\t\t\t<div class=\"wd-post-img post-img-wrapp\">\n\t\t\t\t\t\t<img width=\"1024\" height=\"576\" src=\"https:\/\/www.borashockey.se\/wp-content\/uploads\/2024\/09\/unnamed-23-1024x576.jpg\" class=\"attachment-large size-large\" alt=\"\" decoding=\"async\" srcset=\"https:\/\/www.borashockey.se\/wp-content\/uploads\/2024\/09\/unnamed-23-1024x576.jpg 1024w, https:\/\/www.borashockey.se\/wp-content\/uploads\/2024\/09\/unnamed-23-550x309.jpg 550w, https:\/\/www.borashockey.se\/wp-content\/uploads\/2024\/09\/unnamed-23-768x432.jpg 768w, https:\/\/www.borashockey.se\/wp-content\/uploads\/2024\/09\/unnamed-23-1536x864.jpg 1536w, https:\/\/www.borashockey.se\/wp-content\/uploads\/2024\/09\/unnamed-23-600x338.jpg 600w, https:\/\/www.borashockey.se\/wp-content\/uploads\/2024\/09\/unnamed-23-1200x675.jpg 1200w, https:\/\/www.borashockey.se\/wp-content\/uploads\/2024\/09\/unnamed-23-150x84.jpg 150w, https:\/\/www.borashockey.se\/wp-content\/uploads\/2024\/09\/unnamed-23.jpg 1920w\" sizes=\"(max-width: 1024px) 100vw, 1024px\" \/>\t\t\t\t\t<\/div>\n\t\t\t\t\t<a class=\"wd-fill\" href=\"https:\/\/www.borashockey.se\/a-lag\/antligen-hemmapremiar-boras-hc-mjolby-hc\/\"><\/a>\n\t\t\t\t\n\t\t\t\t\t\t\t\t\t\t\t\t<div class=\"wd-post-date wd-style-with-bg\">\n\t\t\t\t<span class=\"post-date-day\">\n\t\t\t\t\t25\t\t\t\t<\/span>\n\t\t\t\t<span class=\"post-date-month\">\n\t\t\t\t\tsep\t\t\t\t<\/span>\n\t\t\t<\/div>\n\t\t\t\t\t\t\t\t\t<\/div>\n\t\t\n\t\t<div class=\"wd-post-content article-body-container\">\n\t\t\t\t\t\t\t<div class=\"wd-post-cat wd-style-with-bg meta-post-categories\">\n\t\t\t\t\t<a href=\"https:\/\/www.borashockey.se\/category\/a-lag\/\" rel=\"category tag\">A-Lag<\/a>, <a href=\"https:\/\/www.borashockey.se\/category\/nyheter\/\" rel=\"category tag\">Klubbnyheter<\/a>\t\t\t\t<\/div>\n\t\t\t\n\t\t\t\t\t\t\t<h3 class=\"wd-post-title wd-entities-title title post-title\">\n\t\t\t\t\t<a href=\"https:\/\/www.borashockey.se\/a-lag\/antligen-hemmapremiar-boras-hc-mjolby-hc\/\" rel=\"bookmark\">\u00c4NTLIGEN HEMMAPREMI\u00c4R! Bor\u00e5s HC &#8211; Mj\u00f6lby HC<\/a>\n\t\t\t\t<\/h3>\n\t\t\t\n\t\t\t\t\t\t\t<div class=\"wd-post-meta\">\n\t\t\t\t\t\t\t\t\t\t\t\t\t\t\t<div class=\"wd-post-author\">\n\t\t\t\t\t\t\t\t\t\t\t<span>Postat av<\/span>\n\t\t\n\t\t\t\t\t<img alt='author-avatar' src='https:\/\/secure.gravatar.com\/avatar\/dccacba083d8660da447ece9932da1a85ba9dcd1dd571800cb1478dbf909aa89?s=18&#038;d=mm&#038;r=g' srcset='https:\/\/secure.gravatar.com\/avatar\/dccacba083d8660da447ece9932da1a85ba9dcd1dd571800cb1478dbf909aa89?s=36&#038;d=mm&#038;r=g 2x' class='avatar avatar-18 photo' height='18' width='18' decoding='async'\/>\t\t\n\t\t\t\t\t<a href=\"https:\/\/www.borashockey.se\/author\/media-borashockeygmail-com\/\" class=\"author\" rel=\"author\">Josefine Gustavsson<\/a>\n\t\t\t\t\t\t\t\t\t<\/div>\n\t\t\t\t\t<div class=\"wd-modified-date\">\n\t\t\t\t\t\t\t\t<time class=\"updated\" datetime=\"2024-09-25T07:44:38+02:00\">\n\t\t\t2024-09-25\t\t<\/time>\n\t\t\t\t\t\t\t<\/div>\n\n\t\t\t\t\t\t\t\t\t\t\t<div class=\"wd-post-share wd-tltp\">\n\t\t\t\t\t\t\t<div class=\"tooltip top\">\n\t\t\t\t\t\t\t\t<div class=\"tooltip-inner\">\n\t\t\t\t\t\t\t\t\t\t\t\t<div\n\t\t\t\t\t\tclass=\" wd-social-icons  wd-style-default wd-size-small social-share wd-shape-circle color-scheme-light text-center\">\n\t\t\t\t\n\t\t\t\t\n\t\t\t\t\t\t\t\t\t<a rel=\"noopener noreferrer nofollow\" href=\"https:\/\/www.facebook.com\/sharer\/sharer.php?u=https:\/\/www.borashockey.se\/a-lag\/antligen-hemmapremiar-boras-hc-mjolby-hc\/\" target=\"_blank\" class=\" wd-social-icon social-facebook\" aria-label=\"Facebook social link\">\n\t\t\t\t\t\t<span class=\"wd-icon\"><\/span>\n\t\t\t\t\t\t\t\t\t\t\t<\/a>\n\t\t\t\t\n\t\t\t\t\t\t\t\t\t<a rel=\"noopener noreferrer nofollow\" href=\"https:\/\/x.com\/share?url=https:\/\/www.borashockey.se\/a-lag\/antligen-hemmapremiar-boras-hc-mjolby-hc\/\" target=\"_blank\" class=\" wd-social-icon social-twitter\" aria-label=\"X social link\">\n\t\t\t\t\t\t<span class=\"wd-icon\"><\/span>\n\t\t\t\t\t\t\t\t\t\t\t<\/a>\n\t\t\t\t\n\t\t\t\t\n\t\t\t\t\t\t\t\t\t<a rel=\"noopener noreferrer nofollow\" href=\"mailto:?subject=Kolla%20detta%20https:\/\/www.borashockey.se\/a-lag\/antligen-hemmapremiar-boras-hc-mjolby-hc\/\" target=\"_blank\" class=\" wd-social-icon social-email\" aria-label=\"Email social link\">\n\t\t\t\t\t\t<span class=\"wd-icon\"><\/span>\n\t\t\t\t\t\t\t\t\t\t\t<\/a>\n\t\t\t\t\n\t\t\t\t\n\t\t\t\t\n\t\t\t\t\n\t\t\t\t\n\t\t\t\t\n\t\t\t\t\n\t\t\t\t\n\t\t\t\t\n\t\t\t\t\n\t\t\t\t\n\t\t\t\t\n\t\t\t\t\n\t\t\t\t\n\t\t\t\t\n\t\t\t\t\n\t\t\t\t\n\t\t\t\t\n\t\t\t\t\n\t\t\t\t\n\t\t\t\t\n\t\t\t\t\n\t\t\t\t\n\t\t\t<\/div>\n\n\t\t\t\t\t\t\t\t\t\t<\/div>\n\t\t\t\t\t\t\t\t<div class=\"tooltip-arrow\"><\/div>\n\t\t\t\t\t\t\t<\/div>\n\t\t\t\t\t\t<\/div>\n\t\t\t\t\t\n\t\t\t\t\t\t\t\t\t<\/div>\n\t\t\t\n\t\t\t\t\t\t\t\t\t\t\t\t<div class=\"wd-post-excerpt entry-content\">\n\t\t\t\t\t\tD\u00e5 var det dags f\u00f6r hemmapremi\u00e4r ikv\u00e4ll, \u00e4ntligen!\r\nIkv\u00e4ll kommer \u00e5terigen Mj\u00f6lby HC p\u00e5 bes\u00f6k. Det blir ett tr...\t\t\t\t\t<\/div>\n\t\t\t\t\n\t\t\t\t\t\t\t\t\t\t\t\t\t\t<div class=\"wd-post-read-more wd-style-link read-more-section\">\n\t\t\t\t\t\t<a class=\"\" href=\"https:\/\/www.borashockey.se\/a-lag\/antligen-hemmapremiar-boras-hc-mjolby-hc\/\">Forts\u00e4tt l\u00e4sa<\/a>\t\t\t\t\t<\/div>\n\t\t\t\t\t\t\t\t\t\t\t\t\t<\/div>\n\t<\/div>\n<\/article>\n\n\t\t\t\t\t\n\t\t\t\t\t","status":"have-posts","nextPage":"https:\/\/www.borashockey.se\/author\/media-borashockeygmail-com\/page\/12\/?woo_ajax=1","currentPage":"https:\/\/www.borashockey.se\/author\/media-borashockeygmail-com\/page\/11"}