
			
				

					
				

			
		{"items":"\n\t\t\t\t\t\t\t\t\t\t\t\t\t\t<link rel=\"stylesheet\" id=\"wd-post-types-mod-categories-style-bg-css\" href=\"https:\/\/www.borashockey.se\/wp-content\/themes\/woodmart\/css\/parts\/post-types-mod-categories-style-bg.min.css?ver=8.2.7\" type=\"text\/css\" media=\"all\" \/> \t\t\t\n<article id=\"post-25427\" class=\"wd-post blog-design-default blog-post-loop blog-style-bg wd-add-shadow wd-col post-25427 post type-post status-publish format-standard has-post-thumbnail hentry category-a-lag category-nyheter\">\n\t<div class=\"wd-post-inner article-inner\">\n\t\t\t\t\t<div class=\"wd-post-thumb entry-header\">\n\t\t\t\t\t\t\t\t\t<div class=\"wd-post-img post-img-wrapp\">\n\t\t\t\t\t\t<img width=\"1024\" height=\"576\" src=\"https:\/\/www.borashockey.se\/wp-content\/uploads\/2024\/12\/IMG_8993-1024x576.jpeg\" class=\"attachment-large size-large\" alt=\"\" decoding=\"async\" fetchpriority=\"high\" srcset=\"https:\/\/www.borashockey.se\/wp-content\/uploads\/2024\/12\/IMG_8993-1024x576.jpeg 1024w, https:\/\/www.borashockey.se\/wp-content\/uploads\/2024\/12\/IMG_8993-550x309.jpeg 550w, https:\/\/www.borashockey.se\/wp-content\/uploads\/2024\/12\/IMG_8993-768x432.jpeg 768w, https:\/\/www.borashockey.se\/wp-content\/uploads\/2024\/12\/IMG_8993-1536x864.jpeg 1536w, https:\/\/www.borashockey.se\/wp-content\/uploads\/2024\/12\/IMG_8993-scaled.jpeg 2048w, https:\/\/www.borashockey.se\/wp-content\/uploads\/2024\/12\/IMG_8993-600x338.jpeg 600w, https:\/\/www.borashockey.se\/wp-content\/uploads\/2024\/12\/IMG_8993-1200x675.jpeg 1200w, https:\/\/www.borashockey.se\/wp-content\/uploads\/2024\/12\/IMG_8993-150x84.jpeg 150w\" sizes=\"(max-width: 1024px) 100vw, 1024px\" \/>\t\t\t\t\t<\/div>\n\t\t\t\t\t<a class=\"wd-fill\" href=\"https:\/\/www.borashockey.se\/a-lag\/bortamatch-i-vastervik-vasterviks-ik-boras-hc\/\"><\/a>\n\t\t\t\t\n\t\t\t\t\t\t\t\t\t\t\t\t<link rel=\"stylesheet\" id=\"wd-post-types-mod-date-style-bg-css\" href=\"https:\/\/www.borashockey.se\/wp-content\/themes\/woodmart\/css\/parts\/post-types-mod-date-style-bg.min.css?ver=8.2.7\" type=\"text\/css\" media=\"all\" \/> \t\t\t\t\t\t<div class=\"wd-post-date wd-style-with-bg\">\n\t\t\t\t<span class=\"post-date-day\">\n\t\t\t\t\t30\t\t\t\t<\/span>\n\t\t\t\t<span class=\"post-date-month\">\n\t\t\t\t\tdec\t\t\t\t<\/span>\n\t\t\t<\/div>\n\t\t\t\t\t\t\t\t\t<\/div>\n\t\t\n\t\t<div class=\"wd-post-content article-body-container\">\n\t\t\t\t\t\t\t<div class=\"wd-post-cat wd-style-with-bg meta-post-categories\">\n\t\t\t\t\t<a href=\"https:\/\/www.borashockey.se\/category\/a-lag\/\" rel=\"category tag\">A-Lag<\/a>, <a href=\"https:\/\/www.borashockey.se\/category\/nyheter\/\" rel=\"category tag\">Klubbnyheter<\/a>\t\t\t\t<\/div>\n\t\t\t\n\t\t\t\t\t\t\t<h3 class=\"wd-post-title wd-entities-title title post-title\">\n\t\t\t\t\t<a href=\"https:\/\/www.borashockey.se\/a-lag\/bortamatch-i-vastervik-vasterviks-ik-boras-hc\/\" rel=\"bookmark\">Bortamatch i V\u00e4stervik! V\u00e4sterviks IK &#8211; Bor\u00e5s HC<\/a>\n\t\t\t\t<\/h3>\n\t\t\t\n\t\t\t\t\t\t\t<div class=\"wd-post-meta\">\n\t\t\t\t\t\t\t\t\t\t\t\t\t<link rel=\"stylesheet\" id=\"wd-blog-mod-author-css\" href=\"https:\/\/www.borashockey.se\/wp-content\/themes\/woodmart\/css\/parts\/blog-mod-author.min.css?ver=8.2.7\" type=\"text\/css\" media=\"all\" \/> \t\t\t\t\t\t\t\t<div class=\"wd-post-author\">\n\t\t\t\t\t\t\t\t\t\t\t<span>Postat av<\/span>\n\t\t\n\t\t\t\t\t<img alt='author-avatar' src='https:\/\/secure.gravatar.com\/avatar\/dccacba083d8660da447ece9932da1a85ba9dcd1dd571800cb1478dbf909aa89?s=18&#038;d=mm&#038;r=g' srcset='https:\/\/secure.gravatar.com\/avatar\/dccacba083d8660da447ece9932da1a85ba9dcd1dd571800cb1478dbf909aa89?s=36&#038;d=mm&#038;r=g 2x' class='avatar avatar-18 photo' height='18' width='18' decoding='async'\/>\t\t\n\t\t\t\t\t<a href=\"https:\/\/www.borashockey.se\/author\/media-borashockeygmail-com\/\" class=\"author\" rel=\"author\">Josefine Gustavsson<\/a>\n\t\t\t\t\t\t\t\t\t<\/div>\n\t\t\t\t\t<div class=\"wd-modified-date\">\n\t\t\t\t\t\t\t\t<time class=\"updated\" datetime=\"2024-12-30T15:21:46+01:00\">\n\t\t\t2024-12-30\t\t<\/time>\n\t\t\t\t\t\t\t<\/div>\n\n\t\t\t\t\t\t\t\t\t\t\t<div class=\"wd-post-share wd-tltp\">\n\t\t\t\t\t\t\t<div class=\"tooltip top\">\n\t\t\t\t\t\t\t\t<div class=\"tooltip-inner\">\n\t\t\t\t\t\t\t\t\t\t\t\t<link rel=\"stylesheet\" id=\"wd-social-icons-css\" href=\"https:\/\/www.borashockey.se\/wp-content\/themes\/woodmart\/css\/parts\/el-social-icons.min.css?ver=8.2.7\" type=\"text\/css\" media=\"all\" \/> \t\t\t\t\t\t<div\n\t\t\t\t\t\tclass=\" wd-social-icons  wd-style-default wd-size-small social-share wd-shape-circle color-scheme-light text-center\">\n\t\t\t\t\n\t\t\t\t\n\t\t\t\t\t\t\t\t\t<a rel=\"noopener noreferrer nofollow\" href=\"https:\/\/www.facebook.com\/sharer\/sharer.php?u=https:\/\/www.borashockey.se\/a-lag\/bortamatch-i-vastervik-vasterviks-ik-boras-hc\/\" target=\"_blank\" class=\" wd-social-icon social-facebook\" aria-label=\"Facebook social link\">\n\t\t\t\t\t\t<span class=\"wd-icon\"><\/span>\n\t\t\t\t\t\t\t\t\t\t\t<\/a>\n\t\t\t\t\n\t\t\t\t\t\t\t\t\t<a rel=\"noopener noreferrer nofollow\" href=\"https:\/\/x.com\/share?url=https:\/\/www.borashockey.se\/a-lag\/bortamatch-i-vastervik-vasterviks-ik-boras-hc\/\" target=\"_blank\" class=\" wd-social-icon social-twitter\" aria-label=\"X social link\">\n\t\t\t\t\t\t<span class=\"wd-icon\"><\/span>\n\t\t\t\t\t\t\t\t\t\t\t<\/a>\n\t\t\t\t\n\t\t\t\t\n\t\t\t\t\t\t\t\t\t<a rel=\"noopener noreferrer nofollow\" href=\"mailto:?subject=Kolla%20detta%20https:\/\/www.borashockey.se\/a-lag\/bortamatch-i-vastervik-vasterviks-ik-boras-hc\/\" target=\"_blank\" class=\" wd-social-icon social-email\" aria-label=\"Email social link\">\n\t\t\t\t\t\t<span class=\"wd-icon\"><\/span>\n\t\t\t\t\t\t\t\t\t\t\t<\/a>\n\t\t\t\t\n\t\t\t\t\n\t\t\t\t\n\t\t\t\t\n\t\t\t\t\n\t\t\t\t\n\t\t\t\t\n\t\t\t\t\n\t\t\t\t\n\t\t\t\t\n\t\t\t\t\n\t\t\t\t\n\t\t\t\t\n\t\t\t\t\n\t\t\t\t\n\t\t\t\t\n\t\t\t\t\n\t\t\t\t\n\t\t\t\t\n\t\t\t\t\n\t\t\t\t\n\t\t\t\t\n\t\t\t\t\n\t\t\t<\/div>\n\n\t\t\t\t\t\t\t\t\t\t<\/div>\n\t\t\t\t\t\t\t\t<div class=\"tooltip-arrow\"><\/div>\n\t\t\t\t\t\t\t<\/div>\n\t\t\t\t\t\t<\/div>\n\t\t\t\t\t\n\t\t\t\t\t\t\t\t\t<\/div>\n\t\t\t\n\t\t\t\t\t\t\t\t\t\t\t\t<div class=\"wd-post-excerpt entry-content\">\n\t\t\t\t\t\tDet \u00e4r m\u00e5ndags kv\u00e4ll och det \u00e4r dags f\u00f6r den andra omg\u00e5ngen i Allettan!\r\nSnart g\u00e5r vi in ett nytt \u00e5r. Men inna...\t\t\t\t\t<\/div>\n\t\t\t\t\n\t\t\t\t\t\t\t\t\t\t\t\t\t\t<div class=\"wd-post-read-more wd-style-link read-more-section\">\n\t\t\t\t\t\t<a class=\"\" href=\"https:\/\/www.borashockey.se\/a-lag\/bortamatch-i-vastervik-vasterviks-ik-boras-hc\/\">Forts\u00e4tt l\u00e4sa<\/a>\t\t\t\t\t<\/div>\n\t\t\t\t\t\t\t\t\t\t\t\t\t<\/div>\n\t<\/div>\n<\/article>\n\n\t\t\t\t\t\t\t\t\t\t\t\n<article id=\"post-25391\" class=\"wd-post blog-design-default blog-post-loop blog-style-bg wd-add-shadow wd-col post-25391 post type-post status-publish format-standard has-post-thumbnail hentry category-a-lag category-nyheter\">\n\t<div class=\"wd-post-inner article-inner\">\n\t\t\t\t\t<div class=\"wd-post-thumb entry-header\">\n\t\t\t\t\t\t\t\t\t<div class=\"wd-post-img post-img-wrapp\">\n\t\t\t\t\t\t<img width=\"1024\" height=\"576\" src=\"https:\/\/www.borashockey.se\/wp-content\/uploads\/2024\/12\/IMG_8887-1024x576.jpeg\" class=\"attachment-large size-large\" alt=\"\" decoding=\"async\" srcset=\"https:\/\/www.borashockey.se\/wp-content\/uploads\/2024\/12\/IMG_8887-1024x576.jpeg 1024w, https:\/\/www.borashockey.se\/wp-content\/uploads\/2024\/12\/IMG_8887-550x309.jpeg 550w, https:\/\/www.borashockey.se\/wp-content\/uploads\/2024\/12\/IMG_8887-768x432.jpeg 768w, https:\/\/www.borashockey.se\/wp-content\/uploads\/2024\/12\/IMG_8887-1536x864.jpeg 1536w, https:\/\/www.borashockey.se\/wp-content\/uploads\/2024\/12\/IMG_8887-scaled.jpeg 2048w, https:\/\/www.borashockey.se\/wp-content\/uploads\/2024\/12\/IMG_8887-600x338.jpeg 600w, https:\/\/www.borashockey.se\/wp-content\/uploads\/2024\/12\/IMG_8887-1200x675.jpeg 1200w, https:\/\/www.borashockey.se\/wp-content\/uploads\/2024\/12\/IMG_8887-150x84.jpeg 150w\" sizes=\"(max-width: 1024px) 100vw, 1024px\" \/>\t\t\t\t\t<\/div>\n\t\t\t\t\t<a class=\"wd-fill\" href=\"https:\/\/www.borashockey.se\/a-lag\/boras-hockey-forstarker-den-sportsliga-organisationen-infor-allettan\/\"><\/a>\n\t\t\t\t\n\t\t\t\t\t\t\t\t\t\t\t\t<div class=\"wd-post-date wd-style-with-bg\">\n\t\t\t\t<span class=\"post-date-day\">\n\t\t\t\t\t28\t\t\t\t<\/span>\n\t\t\t\t<span class=\"post-date-month\">\n\t\t\t\t\tdec\t\t\t\t<\/span>\n\t\t\t<\/div>\n\t\t\t\t\t\t\t\t\t<\/div>\n\t\t\n\t\t<div class=\"wd-post-content article-body-container\">\n\t\t\t\t\t\t\t<div class=\"wd-post-cat wd-style-with-bg meta-post-categories\">\n\t\t\t\t\t<a href=\"https:\/\/www.borashockey.se\/category\/a-lag\/\" rel=\"category tag\">A-Lag<\/a>, <a href=\"https:\/\/www.borashockey.se\/category\/nyheter\/\" rel=\"category tag\">Klubbnyheter<\/a>\t\t\t\t<\/div>\n\t\t\t\n\t\t\t\t\t\t\t<h3 class=\"wd-post-title wd-entities-title title post-title\">\n\t\t\t\t\t<a href=\"https:\/\/www.borashockey.se\/a-lag\/boras-hockey-forstarker-den-sportsliga-organisationen-infor-allettan\/\" rel=\"bookmark\">Bor\u00e5s Hockey f\u00f6rst\u00e4rker den sportsliga organisationen inf\u00f6r Allettan!<\/a>\n\t\t\t\t<\/h3>\n\t\t\t\n\t\t\t\t\t\t\t<div class=\"wd-post-meta\">\n\t\t\t\t\t\t\t\t\t\t\t\t\t\t\t<div class=\"wd-post-author\">\n\t\t\t\t\t\t\t\t\t\t\t<span>Postat av<\/span>\n\t\t\n\t\t\t\t\t<img alt='author-avatar' src='https:\/\/secure.gravatar.com\/avatar\/dccacba083d8660da447ece9932da1a85ba9dcd1dd571800cb1478dbf909aa89?s=18&#038;d=mm&#038;r=g' srcset='https:\/\/secure.gravatar.com\/avatar\/dccacba083d8660da447ece9932da1a85ba9dcd1dd571800cb1478dbf909aa89?s=36&#038;d=mm&#038;r=g 2x' class='avatar avatar-18 photo' height='18' width='18' decoding='async'\/>\t\t\n\t\t\t\t\t<a href=\"https:\/\/www.borashockey.se\/author\/media-borashockeygmail-com\/\" class=\"author\" rel=\"author\">Josefine Gustavsson<\/a>\n\t\t\t\t\t\t\t\t\t<\/div>\n\t\t\t\t\t<div class=\"wd-modified-date\">\n\t\t\t\t\t\t\t\t<time class=\"updated\" datetime=\"2024-12-28T12:34:10+01:00\">\n\t\t\t2024-12-28\t\t<\/time>\n\t\t\t\t\t\t\t<\/div>\n\n\t\t\t\t\t\t\t\t\t\t\t<div class=\"wd-post-share wd-tltp\">\n\t\t\t\t\t\t\t<div class=\"tooltip top\">\n\t\t\t\t\t\t\t\t<div class=\"tooltip-inner\">\n\t\t\t\t\t\t\t\t\t\t\t\t<div\n\t\t\t\t\t\tclass=\" wd-social-icons  wd-style-default wd-size-small social-share wd-shape-circle color-scheme-light text-center\">\n\t\t\t\t\n\t\t\t\t\n\t\t\t\t\t\t\t\t\t<a rel=\"noopener noreferrer nofollow\" href=\"https:\/\/www.facebook.com\/sharer\/sharer.php?u=https:\/\/www.borashockey.se\/a-lag\/boras-hockey-forstarker-den-sportsliga-organisationen-infor-allettan\/\" target=\"_blank\" class=\" wd-social-icon social-facebook\" aria-label=\"Facebook social link\">\n\t\t\t\t\t\t<span class=\"wd-icon\"><\/span>\n\t\t\t\t\t\t\t\t\t\t\t<\/a>\n\t\t\t\t\n\t\t\t\t\t\t\t\t\t<a rel=\"noopener noreferrer nofollow\" href=\"https:\/\/x.com\/share?url=https:\/\/www.borashockey.se\/a-lag\/boras-hockey-forstarker-den-sportsliga-organisationen-infor-allettan\/\" target=\"_blank\" class=\" wd-social-icon social-twitter\" aria-label=\"X social link\">\n\t\t\t\t\t\t<span class=\"wd-icon\"><\/span>\n\t\t\t\t\t\t\t\t\t\t\t<\/a>\n\t\t\t\t\n\t\t\t\t\n\t\t\t\t\t\t\t\t\t<a rel=\"noopener noreferrer nofollow\" href=\"mailto:?subject=Kolla%20detta%20https:\/\/www.borashockey.se\/a-lag\/boras-hockey-forstarker-den-sportsliga-organisationen-infor-allettan\/\" target=\"_blank\" class=\" wd-social-icon social-email\" aria-label=\"Email social link\">\n\t\t\t\t\t\t<span class=\"wd-icon\"><\/span>\n\t\t\t\t\t\t\t\t\t\t\t<\/a>\n\t\t\t\t\n\t\t\t\t\n\t\t\t\t\n\t\t\t\t\n\t\t\t\t\n\t\t\t\t\n\t\t\t\t\n\t\t\t\t\n\t\t\t\t\n\t\t\t\t\n\t\t\t\t\n\t\t\t\t\n\t\t\t\t\n\t\t\t\t\n\t\t\t\t\n\t\t\t\t\n\t\t\t\t\n\t\t\t\t\n\t\t\t\t\n\t\t\t\t\n\t\t\t\t\n\t\t\t\t\n\t\t\t\t\n\t\t\t<\/div>\n\n\t\t\t\t\t\t\t\t\t\t<\/div>\n\t\t\t\t\t\t\t\t<div class=\"tooltip-arrow\"><\/div>\n\t\t\t\t\t\t\t<\/div>\n\t\t\t\t\t\t<\/div>\n\t\t\t\t\t\n\t\t\t\t\t\t\t\t\t<\/div>\n\t\t\t\n\t\t\t\t\t\t\t\t\t\t\t\t<div class=\"wd-post-excerpt entry-content\">\n\t\t\t\t\t\tBor\u00e5s Hockey f\u00f6rst\u00e4rker den sportsliga organisationen inf\u00f6r Allettan!\r\nBor\u00e5s Hockey har haft som m\u00e5l att f\u00f6rst...\t\t\t\t\t<\/div>\n\t\t\t\t\n\t\t\t\t\t\t\t\t\t\t\t\t\t\t<div class=\"wd-post-read-more wd-style-link read-more-section\">\n\t\t\t\t\t\t<a class=\"\" href=\"https:\/\/www.borashockey.se\/a-lag\/boras-hockey-forstarker-den-sportsliga-organisationen-infor-allettan\/\">Forts\u00e4tt l\u00e4sa<\/a>\t\t\t\t\t<\/div>\n\t\t\t\t\t\t\t\t\t\t\t\t\t<\/div>\n\t<\/div>\n<\/article>\n\n\t\t\t\t\t\t\t\t\t\t\t\n<article id=\"post-25338\" class=\"wd-post blog-design-default blog-post-loop blog-style-bg wd-add-shadow wd-col post-25338 post type-post status-publish format-standard has-post-thumbnail hentry category-a-lag category-nyheter\">\n\t<div class=\"wd-post-inner article-inner\">\n\t\t\t\t\t<div class=\"wd-post-thumb entry-header\">\n\t\t\t\t\t\t\t\t\t<div class=\"wd-post-img post-img-wrapp\">\n\t\t\t\t\t\t<img width=\"1024\" height=\"576\" src=\"https:\/\/www.borashockey.se\/wp-content\/uploads\/2024\/12\/unnamed-30-1024x576.jpg\" class=\"attachment-large size-large\" alt=\"\" decoding=\"async\" srcset=\"https:\/\/www.borashockey.se\/wp-content\/uploads\/2024\/12\/unnamed-30-1024x576.jpg 1024w, https:\/\/www.borashockey.se\/wp-content\/uploads\/2024\/12\/unnamed-30-550x309.jpg 550w, https:\/\/www.borashockey.se\/wp-content\/uploads\/2024\/12\/unnamed-30-768x432.jpg 768w, https:\/\/www.borashockey.se\/wp-content\/uploads\/2024\/12\/unnamed-30-1536x864.jpg 1536w, https:\/\/www.borashockey.se\/wp-content\/uploads\/2024\/12\/unnamed-30-scaled.jpg 2048w, https:\/\/www.borashockey.se\/wp-content\/uploads\/2024\/12\/unnamed-30-600x338.jpg 600w, https:\/\/www.borashockey.se\/wp-content\/uploads\/2024\/12\/unnamed-30-1200x675.jpg 1200w, https:\/\/www.borashockey.se\/wp-content\/uploads\/2024\/12\/unnamed-30-150x84.jpg 150w\" sizes=\"(max-width: 1024px) 100vw, 1024px\" \/>\t\t\t\t\t<\/div>\n\t\t\t\t\t<a class=\"wd-fill\" href=\"https:\/\/www.borashockey.se\/a-lag\/summering-av-grundserien-och-infor-allettan\/\"><\/a>\n\t\t\t\t\n\t\t\t\t\t\t\t\t\t\t\t\t<div class=\"wd-post-date wd-style-with-bg\">\n\t\t\t\t<span class=\"post-date-day\">\n\t\t\t\t\t20\t\t\t\t<\/span>\n\t\t\t\t<span class=\"post-date-month\">\n\t\t\t\t\tdec\t\t\t\t<\/span>\n\t\t\t<\/div>\n\t\t\t\t\t\t\t\t\t<\/div>\n\t\t\n\t\t<div class=\"wd-post-content article-body-container\">\n\t\t\t\t\t\t\t<div class=\"wd-post-cat wd-style-with-bg meta-post-categories\">\n\t\t\t\t\t<a href=\"https:\/\/www.borashockey.se\/category\/a-lag\/\" rel=\"category tag\">A-Lag<\/a>, <a href=\"https:\/\/www.borashockey.se\/category\/nyheter\/\" rel=\"category tag\">Klubbnyheter<\/a>\t\t\t\t<\/div>\n\t\t\t\n\t\t\t\t\t\t\t<h3 class=\"wd-post-title wd-entities-title title post-title\">\n\t\t\t\t\t<a href=\"https:\/\/www.borashockey.se\/a-lag\/summering-av-grundserien-och-infor-allettan\/\" rel=\"bookmark\">Summering av Grundserien och Inf\u00f6r Allettan!<\/a>\n\t\t\t\t<\/h3>\n\t\t\t\n\t\t\t\t\t\t\t<div class=\"wd-post-meta\">\n\t\t\t\t\t\t\t\t\t\t\t\t\t\t\t<div class=\"wd-post-author\">\n\t\t\t\t\t\t\t\t\t\t\t<span>Postat av<\/span>\n\t\t\n\t\t\t\t\t<img alt='author-avatar' src='https:\/\/secure.gravatar.com\/avatar\/dccacba083d8660da447ece9932da1a85ba9dcd1dd571800cb1478dbf909aa89?s=18&#038;d=mm&#038;r=g' srcset='https:\/\/secure.gravatar.com\/avatar\/dccacba083d8660da447ece9932da1a85ba9dcd1dd571800cb1478dbf909aa89?s=36&#038;d=mm&#038;r=g 2x' class='avatar avatar-18 photo' height='18' width='18' decoding='async'\/>\t\t\n\t\t\t\t\t<a href=\"https:\/\/www.borashockey.se\/author\/media-borashockeygmail-com\/\" class=\"author\" rel=\"author\">Josefine Gustavsson<\/a>\n\t\t\t\t\t\t\t\t\t<\/div>\n\t\t\t\t\t<div class=\"wd-modified-date\">\n\t\t\t\t\t\t\t\t<time class=\"updated\" datetime=\"2024-12-20T15:48:12+01:00\">\n\t\t\t2024-12-20\t\t<\/time>\n\t\t\t\t\t\t\t<\/div>\n\n\t\t\t\t\t\t\t\t\t\t\t<div class=\"wd-post-share wd-tltp\">\n\t\t\t\t\t\t\t<div class=\"tooltip top\">\n\t\t\t\t\t\t\t\t<div class=\"tooltip-inner\">\n\t\t\t\t\t\t\t\t\t\t\t\t<div\n\t\t\t\t\t\tclass=\" wd-social-icons  wd-style-default wd-size-small social-share wd-shape-circle color-scheme-light text-center\">\n\t\t\t\t\n\t\t\t\t\n\t\t\t\t\t\t\t\t\t<a rel=\"noopener noreferrer nofollow\" href=\"https:\/\/www.facebook.com\/sharer\/sharer.php?u=https:\/\/www.borashockey.se\/a-lag\/summering-av-grundserien-och-infor-allettan\/\" target=\"_blank\" class=\" wd-social-icon social-facebook\" aria-label=\"Facebook social link\">\n\t\t\t\t\t\t<span class=\"wd-icon\"><\/span>\n\t\t\t\t\t\t\t\t\t\t\t<\/a>\n\t\t\t\t\n\t\t\t\t\t\t\t\t\t<a rel=\"noopener noreferrer nofollow\" href=\"https:\/\/x.com\/share?url=https:\/\/www.borashockey.se\/a-lag\/summering-av-grundserien-och-infor-allettan\/\" target=\"_blank\" class=\" wd-social-icon social-twitter\" aria-label=\"X social link\">\n\t\t\t\t\t\t<span class=\"wd-icon\"><\/span>\n\t\t\t\t\t\t\t\t\t\t\t<\/a>\n\t\t\t\t\n\t\t\t\t\n\t\t\t\t\t\t\t\t\t<a rel=\"noopener noreferrer nofollow\" href=\"mailto:?subject=Kolla%20detta%20https:\/\/www.borashockey.se\/a-lag\/summering-av-grundserien-och-infor-allettan\/\" target=\"_blank\" class=\" wd-social-icon social-email\" aria-label=\"Email social link\">\n\t\t\t\t\t\t<span class=\"wd-icon\"><\/span>\n\t\t\t\t\t\t\t\t\t\t\t<\/a>\n\t\t\t\t\n\t\t\t\t\n\t\t\t\t\n\t\t\t\t\n\t\t\t\t\n\t\t\t\t\n\t\t\t\t\n\t\t\t\t\n\t\t\t\t\n\t\t\t\t\n\t\t\t\t\n\t\t\t\t\n\t\t\t\t\n\t\t\t\t\n\t\t\t\t\n\t\t\t\t\n\t\t\t\t\n\t\t\t\t\n\t\t\t\t\n\t\t\t\t\n\t\t\t\t\n\t\t\t\t\n\t\t\t\t\n\t\t\t<\/div>\n\n\t\t\t\t\t\t\t\t\t\t<\/div>\n\t\t\t\t\t\t\t\t<div class=\"tooltip-arrow\"><\/div>\n\t\t\t\t\t\t\t<\/div>\n\t\t\t\t\t\t<\/div>\n\t\t\t\t\t\n\t\t\t\t\t\t\t\t\t<\/div>\n\t\t\t\n\t\t\t\t\t\t\t\t\t\t\t\t<div class=\"wd-post-excerpt entry-content\">\n\t\t\t\t\t\tSummering av h\u00f6sten 2024!\r\nVi \u00e4r oerh\u00f6rt stolt och tacksamma att v\u00e5ra g\u00e4ster forts\u00e4tter st\u00f6dja stadens hockeyr...\t\t\t\t\t<\/div>\n\t\t\t\t\n\t\t\t\t\t\t\t\t\t\t\t\t\t\t<div class=\"wd-post-read-more wd-style-link read-more-section\">\n\t\t\t\t\t\t<a class=\"\" href=\"https:\/\/www.borashockey.se\/a-lag\/summering-av-grundserien-och-infor-allettan\/\">Forts\u00e4tt l\u00e4sa<\/a>\t\t\t\t\t<\/div>\n\t\t\t\t\t\t\t\t\t\t\t\t\t<\/div>\n\t<\/div>\n<\/article>\n\n\t\t\t\t\t\t\t\t\t\t\t\n<article id=\"post-25313\" class=\"wd-post blog-design-default blog-post-loop blog-style-bg wd-add-shadow wd-col post-25313 post type-post status-publish format-standard has-post-thumbnail hentry category-a-lag category-nyheter\">\n\t<div class=\"wd-post-inner article-inner\">\n\t\t\t\t\t<div class=\"wd-post-thumb entry-header\">\n\t\t\t\t\t\t\t\t\t<div class=\"wd-post-img post-img-wrapp\">\n\t\t\t\t\t\t<img width=\"1024\" height=\"576\" src=\"https:\/\/www.borashockey.se\/wp-content\/uploads\/2024\/12\/IMG_8590-1024x576.jpeg\" class=\"attachment-large size-large\" alt=\"\" decoding=\"async\" srcset=\"https:\/\/www.borashockey.se\/wp-content\/uploads\/2024\/12\/IMG_8590-1024x576.jpeg 1024w, https:\/\/www.borashockey.se\/wp-content\/uploads\/2024\/12\/IMG_8590-550x309.jpeg 550w, https:\/\/www.borashockey.se\/wp-content\/uploads\/2024\/12\/IMG_8590-768x432.jpeg 768w, https:\/\/www.borashockey.se\/wp-content\/uploads\/2024\/12\/IMG_8590-1536x864.jpeg 1536w, https:\/\/www.borashockey.se\/wp-content\/uploads\/2024\/12\/IMG_8590-scaled.jpeg 2048w, https:\/\/www.borashockey.se\/wp-content\/uploads\/2024\/12\/IMG_8590-600x338.jpeg 600w, https:\/\/www.borashockey.se\/wp-content\/uploads\/2024\/12\/IMG_8590-1200x675.jpeg 1200w, https:\/\/www.borashockey.se\/wp-content\/uploads\/2024\/12\/IMG_8590-150x84.jpeg 150w\" sizes=\"(max-width: 1024px) 100vw, 1024px\" \/>\t\t\t\t\t<\/div>\n\t\t\t\t\t<a class=\"wd-fill\" href=\"https:\/\/www.borashockey.se\/a-lag\/sista-hemmamatchen-i-grundserien\/\"><\/a>\n\t\t\t\t\n\t\t\t\t\t\t\t\t\t\t\t\t<div class=\"wd-post-date wd-style-with-bg\">\n\t\t\t\t<span class=\"post-date-day\">\n\t\t\t\t\t11\t\t\t\t<\/span>\n\t\t\t\t<span class=\"post-date-month\">\n\t\t\t\t\tdec\t\t\t\t<\/span>\n\t\t\t<\/div>\n\t\t\t\t\t\t\t\t\t<\/div>\n\t\t\n\t\t<div class=\"wd-post-content article-body-container\">\n\t\t\t\t\t\t\t<div class=\"wd-post-cat wd-style-with-bg meta-post-categories\">\n\t\t\t\t\t<a href=\"https:\/\/www.borashockey.se\/category\/a-lag\/\" rel=\"category tag\">A-Lag<\/a>, <a href=\"https:\/\/www.borashockey.se\/category\/nyheter\/\" rel=\"category tag\">Klubbnyheter<\/a>\t\t\t\t<\/div>\n\t\t\t\n\t\t\t\t\t\t\t<h3 class=\"wd-post-title wd-entities-title title post-title\">\n\t\t\t\t\t<a href=\"https:\/\/www.borashockey.se\/a-lag\/sista-hemmamatchen-i-grundserien\/\" rel=\"bookmark\">Sista hemmamatchen i grundserien!<\/a>\n\t\t\t\t<\/h3>\n\t\t\t\n\t\t\t\t\t\t\t<div class=\"wd-post-meta\">\n\t\t\t\t\t\t\t\t\t\t\t\t\t\t\t<div class=\"wd-post-author\">\n\t\t\t\t\t\t\t\t\t\t\t<span>Postat av<\/span>\n\t\t\n\t\t\t\t\t<img alt='author-avatar' src='https:\/\/secure.gravatar.com\/avatar\/dccacba083d8660da447ece9932da1a85ba9dcd1dd571800cb1478dbf909aa89?s=18&#038;d=mm&#038;r=g' srcset='https:\/\/secure.gravatar.com\/avatar\/dccacba083d8660da447ece9932da1a85ba9dcd1dd571800cb1478dbf909aa89?s=36&#038;d=mm&#038;r=g 2x' class='avatar avatar-18 photo' height='18' width='18' decoding='async'\/>\t\t\n\t\t\t\t\t<a href=\"https:\/\/www.borashockey.se\/author\/media-borashockeygmail-com\/\" class=\"author\" rel=\"author\">Josefine Gustavsson<\/a>\n\t\t\t\t\t\t\t\t\t<\/div>\n\t\t\t\t\t<div class=\"wd-modified-date\">\n\t\t\t\t\t\t\t\t<time class=\"updated\" datetime=\"2024-12-11T16:33:24+01:00\">\n\t\t\t2024-12-11\t\t<\/time>\n\t\t\t\t\t\t\t<\/div>\n\n\t\t\t\t\t\t\t\t\t\t\t<div class=\"wd-post-share wd-tltp\">\n\t\t\t\t\t\t\t<div class=\"tooltip top\">\n\t\t\t\t\t\t\t\t<div class=\"tooltip-inner\">\n\t\t\t\t\t\t\t\t\t\t\t\t<div\n\t\t\t\t\t\tclass=\" wd-social-icons  wd-style-default wd-size-small social-share wd-shape-circle color-scheme-light text-center\">\n\t\t\t\t\n\t\t\t\t\n\t\t\t\t\t\t\t\t\t<a rel=\"noopener noreferrer nofollow\" href=\"https:\/\/www.facebook.com\/sharer\/sharer.php?u=https:\/\/www.borashockey.se\/a-lag\/sista-hemmamatchen-i-grundserien\/\" target=\"_blank\" class=\" wd-social-icon social-facebook\" aria-label=\"Facebook social link\">\n\t\t\t\t\t\t<span class=\"wd-icon\"><\/span>\n\t\t\t\t\t\t\t\t\t\t\t<\/a>\n\t\t\t\t\n\t\t\t\t\t\t\t\t\t<a rel=\"noopener noreferrer nofollow\" href=\"https:\/\/x.com\/share?url=https:\/\/www.borashockey.se\/a-lag\/sista-hemmamatchen-i-grundserien\/\" target=\"_blank\" class=\" wd-social-icon social-twitter\" aria-label=\"X social link\">\n\t\t\t\t\t\t<span class=\"wd-icon\"><\/span>\n\t\t\t\t\t\t\t\t\t\t\t<\/a>\n\t\t\t\t\n\t\t\t\t\n\t\t\t\t\t\t\t\t\t<a rel=\"noopener noreferrer nofollow\" href=\"mailto:?subject=Kolla%20detta%20https:\/\/www.borashockey.se\/a-lag\/sista-hemmamatchen-i-grundserien\/\" target=\"_blank\" class=\" wd-social-icon social-email\" aria-label=\"Email social link\">\n\t\t\t\t\t\t<span class=\"wd-icon\"><\/span>\n\t\t\t\t\t\t\t\t\t\t\t<\/a>\n\t\t\t\t\n\t\t\t\t\n\t\t\t\t\n\t\t\t\t\n\t\t\t\t\n\t\t\t\t\n\t\t\t\t\n\t\t\t\t\n\t\t\t\t\n\t\t\t\t\n\t\t\t\t\n\t\t\t\t\n\t\t\t\t\n\t\t\t\t\n\t\t\t\t\n\t\t\t\t\n\t\t\t\t\n\t\t\t\t\n\t\t\t\t\n\t\t\t\t\n\t\t\t\t\n\t\t\t\t\n\t\t\t\t\n\t\t\t<\/div>\n\n\t\t\t\t\t\t\t\t\t\t<\/div>\n\t\t\t\t\t\t\t\t<div class=\"tooltip-arrow\"><\/div>\n\t\t\t\t\t\t\t<\/div>\n\t\t\t\t\t\t<\/div>\n\t\t\t\t\t\n\t\t\t\t\t\t\t\t\t<\/div>\n\t\t\t\n\t\t\t\t\t\t\t\t\t\t\t\t<div class=\"wd-post-excerpt entry-content\">\n\t\t\t\t\t\tIkv\u00e4ll \u00e4r det dags f\u00f6r sista hemmamatchen i grundserien!\r\nLindl\u00f6ven \u00e4r det som kommer p\u00e5 bes\u00f6k till Lejonkulan...\t\t\t\t\t<\/div>\n\t\t\t\t\n\t\t\t\t\t\t\t\t\t\t\t\t\t\t<div class=\"wd-post-read-more wd-style-link read-more-section\">\n\t\t\t\t\t\t<a class=\"\" href=\"https:\/\/www.borashockey.se\/a-lag\/sista-hemmamatchen-i-grundserien\/\">Forts\u00e4tt l\u00e4sa<\/a>\t\t\t\t\t<\/div>\n\t\t\t\t\t\t\t\t\t\t\t\t\t<\/div>\n\t<\/div>\n<\/article>\n\n\t\t\t\t\t\t\t\t\t\t\t\n<article id=\"post-25295\" class=\"wd-post blog-design-default blog-post-loop blog-style-bg wd-add-shadow wd-col post-25295 post type-post status-publish format-standard hentry category-nyheter\">\n\t<div class=\"wd-post-inner article-inner\">\n\t\t\n\t\t<div class=\"wd-post-content article-body-container\">\n\t\t\t\t\t\t\t<div class=\"wd-post-cat wd-style-with-bg meta-post-categories\">\n\t\t\t\t\t<a href=\"https:\/\/www.borashockey.se\/category\/nyheter\/\" rel=\"category tag\">Klubbnyheter<\/a>\t\t\t\t<\/div>\n\t\t\t\n\t\t\t\t\t\t\t<h3 class=\"wd-post-title wd-entities-title title post-title\">\n\t\t\t\t\t<a href=\"https:\/\/www.borashockey.se\/nyheter\/truppforandring\/\" rel=\"bookmark\">Truppf\u00f6r\u00e4ndring<\/a>\n\t\t\t\t<\/h3>\n\t\t\t\n\t\t\t\t\t\t\t<div class=\"wd-post-meta\">\n\t\t\t\t\t\t\t\t\t\t\t\t\t\t\t<div class=\"wd-post-author\">\n\t\t\t\t\t\t\t\t\t\t\t<span>Postat av<\/span>\n\t\t\n\t\t\t\t\t<img alt='author-avatar' src='https:\/\/secure.gravatar.com\/avatar\/dccacba083d8660da447ece9932da1a85ba9dcd1dd571800cb1478dbf909aa89?s=18&#038;d=mm&#038;r=g' srcset='https:\/\/secure.gravatar.com\/avatar\/dccacba083d8660da447ece9932da1a85ba9dcd1dd571800cb1478dbf909aa89?s=36&#038;d=mm&#038;r=g 2x' class='avatar avatar-18 photo' height='18' width='18' decoding='async'\/>\t\t\n\t\t\t\t\t<a href=\"https:\/\/www.borashockey.se\/author\/media-borashockeygmail-com\/\" class=\"author\" rel=\"author\">Josefine Gustavsson<\/a>\n\t\t\t\t\t\t\t\t\t<\/div>\n\t\t\t\t\t<div class=\"wd-modified-date\">\n\t\t\t\t\t\t\t\t<time class=\"updated\" datetime=\"2024-12-05T16:45:55+01:00\">\n\t\t\t2024-12-05\t\t<\/time>\n\t\t\t\t\t\t\t<\/div>\n\n\t\t\t\t\t\t\t\t\t\t\t<div class=\"wd-post-share wd-tltp\">\n\t\t\t\t\t\t\t<div class=\"tooltip top\">\n\t\t\t\t\t\t\t\t<div class=\"tooltip-inner\">\n\t\t\t\t\t\t\t\t\t\t\t\t<div\n\t\t\t\t\t\tclass=\" wd-social-icons  wd-style-default wd-size-small social-share wd-shape-circle color-scheme-light text-center\">\n\t\t\t\t\n\t\t\t\t\n\t\t\t\t\t\t\t\t\t<a rel=\"noopener noreferrer nofollow\" href=\"https:\/\/www.facebook.com\/sharer\/sharer.php?u=https:\/\/www.borashockey.se\/nyheter\/truppforandring\/\" target=\"_blank\" class=\" wd-social-icon social-facebook\" aria-label=\"Facebook social link\">\n\t\t\t\t\t\t<span class=\"wd-icon\"><\/span>\n\t\t\t\t\t\t\t\t\t\t\t<\/a>\n\t\t\t\t\n\t\t\t\t\t\t\t\t\t<a rel=\"noopener noreferrer nofollow\" href=\"https:\/\/x.com\/share?url=https:\/\/www.borashockey.se\/nyheter\/truppforandring\/\" target=\"_blank\" class=\" wd-social-icon social-twitter\" aria-label=\"X social link\">\n\t\t\t\t\t\t<span class=\"wd-icon\"><\/span>\n\t\t\t\t\t\t\t\t\t\t\t<\/a>\n\t\t\t\t\n\t\t\t\t\n\t\t\t\t\t\t\t\t\t<a rel=\"noopener noreferrer nofollow\" href=\"mailto:?subject=Kolla%20detta%20https:\/\/www.borashockey.se\/nyheter\/truppforandring\/\" target=\"_blank\" class=\" wd-social-icon social-email\" aria-label=\"Email social link\">\n\t\t\t\t\t\t<span class=\"wd-icon\"><\/span>\n\t\t\t\t\t\t\t\t\t\t\t<\/a>\n\t\t\t\t\n\t\t\t\t\n\t\t\t\t\n\t\t\t\t\n\t\t\t\t\n\t\t\t\t\n\t\t\t\t\n\t\t\t\t\n\t\t\t\t\n\t\t\t\t\n\t\t\t\t\n\t\t\t\t\n\t\t\t\t\n\t\t\t\t\n\t\t\t\t\n\t\t\t\t\n\t\t\t\t\n\t\t\t\t\n\t\t\t\t\n\t\t\t\t\n\t\t\t\t\n\t\t\t\t\n\t\t\t\t\n\t\t\t<\/div>\n\n\t\t\t\t\t\t\t\t\t\t<\/div>\n\t\t\t\t\t\t\t\t<div class=\"tooltip-arrow\"><\/div>\n\t\t\t\t\t\t\t<\/div>\n\t\t\t\t\t\t<\/div>\n\t\t\t\t\t\n\t\t\t\t\t\t\t\t\t<\/div>\n\t\t\t\n\t\t\t\t\t\t\t\t\t\t\t\t<div class=\"wd-post-excerpt entry-content\">\n\t\t\t\t\t\tBor\u00e5s Hockey och Axel Eriksson har kommit \u00f6verens om att g\u00e5 skilda v\u00e4gar och vi \u00f6nskar Axel lycka till i hans ...\t\t\t\t\t<\/div>\n\t\t\t\t\n\t\t\t\t\t\t\t\t\t\t\t\t\t\t<div class=\"wd-post-read-more wd-style-link read-more-section\">\n\t\t\t\t\t\t<a class=\"\" href=\"https:\/\/www.borashockey.se\/nyheter\/truppforandring\/\">Forts\u00e4tt l\u00e4sa<\/a>\t\t\t\t\t<\/div>\n\t\t\t\t\t\t\t\t\t\t\t\t\t<\/div>\n\t<\/div>\n<\/article>\n\n\t\t\t\t\t\t\t\t\t\t\t\n<article id=\"post-25291\" class=\"wd-post blog-design-default blog-post-loop blog-style-bg wd-add-shadow wd-col post-25291 post type-post status-publish format-standard has-post-thumbnail hentry category-a-lag category-nyheter\">\n\t<div class=\"wd-post-inner article-inner\">\n\t\t\t\t\t<div class=\"wd-post-thumb entry-header\">\n\t\t\t\t\t\t\t\t\t<div class=\"wd-post-img post-img-wrapp\">\n\t\t\t\t\t\t<img width=\"580\" height=\"326\" src=\"https:\/\/www.borashockey.se\/wp-content\/uploads\/2017\/06\/356955614_1347307422802769_7606002261239856343_n.jpg\" class=\"attachment-large size-large\" alt=\"\" decoding=\"async\" srcset=\"https:\/\/www.borashockey.se\/wp-content\/uploads\/2017\/06\/356955614_1347307422802769_7606002261239856343_n.jpg 580w, https:\/\/www.borashockey.se\/wp-content\/uploads\/2017\/06\/356955614_1347307422802769_7606002261239856343_n-550x309.jpg 550w\" sizes=\"(max-width: 580px) 100vw, 580px\" \/>\t\t\t\t\t<\/div>\n\t\t\t\t\t<a class=\"wd-fill\" href=\"https:\/\/www.borashockey.se\/a-lag\/truppinformation\/\"><\/a>\n\t\t\t\t\n\t\t\t\t\t\t\t\t\t\t\t\t<div class=\"wd-post-date wd-style-with-bg\">\n\t\t\t\t<span class=\"post-date-day\">\n\t\t\t\t\t05\t\t\t\t<\/span>\n\t\t\t\t<span class=\"post-date-month\">\n\t\t\t\t\tdec\t\t\t\t<\/span>\n\t\t\t<\/div>\n\t\t\t\t\t\t\t\t\t<\/div>\n\t\t\n\t\t<div class=\"wd-post-content article-body-container\">\n\t\t\t\t\t\t\t<div class=\"wd-post-cat wd-style-with-bg meta-post-categories\">\n\t\t\t\t\t<a href=\"https:\/\/www.borashockey.se\/category\/a-lag\/\" rel=\"category tag\">A-Lag<\/a>, <a href=\"https:\/\/www.borashockey.se\/category\/nyheter\/\" rel=\"category tag\">Klubbnyheter<\/a>\t\t\t\t<\/div>\n\t\t\t\n\t\t\t\t\t\t\t<h3 class=\"wd-post-title wd-entities-title title post-title\">\n\t\t\t\t\t<a href=\"https:\/\/www.borashockey.se\/a-lag\/truppinformation\/\" rel=\"bookmark\">Truppinformation<\/a>\n\t\t\t\t<\/h3>\n\t\t\t\n\t\t\t\t\t\t\t<div class=\"wd-post-meta\">\n\t\t\t\t\t\t\t\t\t\t\t\t\t\t\t<div class=\"wd-post-author\">\n\t\t\t\t\t\t\t\t\t\t\t<span>Postat av<\/span>\n\t\t\n\t\t\t\t\t<img alt='author-avatar' src='https:\/\/secure.gravatar.com\/avatar\/dccacba083d8660da447ece9932da1a85ba9dcd1dd571800cb1478dbf909aa89?s=18&#038;d=mm&#038;r=g' srcset='https:\/\/secure.gravatar.com\/avatar\/dccacba083d8660da447ece9932da1a85ba9dcd1dd571800cb1478dbf909aa89?s=36&#038;d=mm&#038;r=g 2x' class='avatar avatar-18 photo' height='18' width='18' decoding='async'\/>\t\t\n\t\t\t\t\t<a href=\"https:\/\/www.borashockey.se\/author\/media-borashockeygmail-com\/\" class=\"author\" rel=\"author\">Josefine Gustavsson<\/a>\n\t\t\t\t\t\t\t\t\t<\/div>\n\t\t\t\t\t<div class=\"wd-modified-date\">\n\t\t\t\t\t\t\t\t<time class=\"updated\" datetime=\"2024-12-05T06:07:22+01:00\">\n\t\t\t2024-12-05\t\t<\/time>\n\t\t\t\t\t\t\t<\/div>\n\n\t\t\t\t\t\t\t\t\t\t\t<div class=\"wd-post-share wd-tltp\">\n\t\t\t\t\t\t\t<div class=\"tooltip top\">\n\t\t\t\t\t\t\t\t<div class=\"tooltip-inner\">\n\t\t\t\t\t\t\t\t\t\t\t\t<div\n\t\t\t\t\t\tclass=\" wd-social-icons  wd-style-default wd-size-small social-share wd-shape-circle color-scheme-light text-center\">\n\t\t\t\t\n\t\t\t\t\n\t\t\t\t\t\t\t\t\t<a rel=\"noopener noreferrer nofollow\" href=\"https:\/\/www.facebook.com\/sharer\/sharer.php?u=https:\/\/www.borashockey.se\/a-lag\/truppinformation\/\" target=\"_blank\" class=\" wd-social-icon social-facebook\" aria-label=\"Facebook social link\">\n\t\t\t\t\t\t<span class=\"wd-icon\"><\/span>\n\t\t\t\t\t\t\t\t\t\t\t<\/a>\n\t\t\t\t\n\t\t\t\t\t\t\t\t\t<a rel=\"noopener noreferrer nofollow\" href=\"https:\/\/x.com\/share?url=https:\/\/www.borashockey.se\/a-lag\/truppinformation\/\" target=\"_blank\" class=\" wd-social-icon social-twitter\" aria-label=\"X social link\">\n\t\t\t\t\t\t<span class=\"wd-icon\"><\/span>\n\t\t\t\t\t\t\t\t\t\t\t<\/a>\n\t\t\t\t\n\t\t\t\t\n\t\t\t\t\t\t\t\t\t<a rel=\"noopener noreferrer nofollow\" href=\"mailto:?subject=Kolla%20detta%20https:\/\/www.borashockey.se\/a-lag\/truppinformation\/\" target=\"_blank\" class=\" wd-social-icon social-email\" aria-label=\"Email social link\">\n\t\t\t\t\t\t<span class=\"wd-icon\"><\/span>\n\t\t\t\t\t\t\t\t\t\t\t<\/a>\n\t\t\t\t\n\t\t\t\t\n\t\t\t\t\n\t\t\t\t\n\t\t\t\t\n\t\t\t\t\n\t\t\t\t\n\t\t\t\t\n\t\t\t\t\n\t\t\t\t\n\t\t\t\t\n\t\t\t\t\n\t\t\t\t\n\t\t\t\t\n\t\t\t\t\n\t\t\t\t\n\t\t\t\t\n\t\t\t\t\n\t\t\t\t\n\t\t\t\t\n\t\t\t\t\n\t\t\t\t\n\t\t\t\t\n\t\t\t<\/div>\n\n\t\t\t\t\t\t\t\t\t\t<\/div>\n\t\t\t\t\t\t\t\t<div class=\"tooltip-arrow\"><\/div>\n\t\t\t\t\t\t\t<\/div>\n\t\t\t\t\t\t<\/div>\n\t\t\t\t\t\n\t\t\t\t\t\t\t\t\t<\/div>\n\t\t\t\n\t\t\t\t\t\t\t\t\t\t\t\t<div class=\"wd-post-excerpt entry-content\">\n\t\t\t\t\t\tCarl Bruhn l\u00e4mnar.\r\n\r\nBor\u00e5s Hockey och Carl Bruhn har kommit \u00f6verens om att g\u00e5 skilda v\u00e4gar.\r\n\r\nVi tackar Carl...\t\t\t\t\t<\/div>\n\t\t\t\t\n\t\t\t\t\t\t\t\t\t\t\t\t\t\t<div class=\"wd-post-read-more wd-style-link read-more-section\">\n\t\t\t\t\t\t<a class=\"\" href=\"https:\/\/www.borashockey.se\/a-lag\/truppinformation\/\">Forts\u00e4tt l\u00e4sa<\/a>\t\t\t\t\t<\/div>\n\t\t\t\t\t\t\t\t\t\t\t\t\t<\/div>\n\t<\/div>\n<\/article>\n\n\t\t\t\t\t\t\t\t\t\t\t\n<article id=\"post-25268\" class=\"wd-post blog-design-default blog-post-loop blog-style-bg wd-add-shadow wd-col post-25268 post type-post status-publish format-standard has-post-thumbnail hentry category-a-lag category-nyheter\">\n\t<div class=\"wd-post-inner article-inner\">\n\t\t\t\t\t<div class=\"wd-post-thumb entry-header\">\n\t\t\t\t\t\t\t\t\t<div class=\"wd-post-img post-img-wrapp\">\n\t\t\t\t\t\t<img width=\"1024\" height=\"576\" src=\"https:\/\/www.borashockey.se\/wp-content\/uploads\/2024\/11\/IMG_8412-1-1024x576.jpeg\" class=\"attachment-large size-large\" alt=\"\" decoding=\"async\" srcset=\"https:\/\/www.borashockey.se\/wp-content\/uploads\/2024\/11\/IMG_8412-1-1024x576.jpeg 1024w, https:\/\/www.borashockey.se\/wp-content\/uploads\/2024\/11\/IMG_8412-1-550x309.jpeg 550w, https:\/\/www.borashockey.se\/wp-content\/uploads\/2024\/11\/IMG_8412-1-768x432.jpeg 768w, https:\/\/www.borashockey.se\/wp-content\/uploads\/2024\/11\/IMG_8412-1-1536x864.jpeg 1536w, https:\/\/www.borashockey.se\/wp-content\/uploads\/2024\/11\/IMG_8412-1-600x338.jpeg 600w, https:\/\/www.borashockey.se\/wp-content\/uploads\/2024\/11\/IMG_8412-1-1200x675.jpeg 1200w, https:\/\/www.borashockey.se\/wp-content\/uploads\/2024\/11\/IMG_8412-1-150x84.jpeg 150w, https:\/\/www.borashockey.se\/wp-content\/uploads\/2024\/11\/IMG_8412-1.jpeg 1920w\" sizes=\"(max-width: 1024px) 100vw, 1024px\" \/>\t\t\t\t\t<\/div>\n\t\t\t\t\t<a class=\"wd-fill\" href=\"https:\/\/www.borashockey.se\/a-lag\/vi-presenterar-ett-nyforvarv\/\"><\/a>\n\t\t\t\t\n\t\t\t\t\t\t\t\t\t\t\t\t<div class=\"wd-post-date wd-style-with-bg\">\n\t\t\t\t<span class=\"post-date-day\">\n\t\t\t\t\t30\t\t\t\t<\/span>\n\t\t\t\t<span class=\"post-date-month\">\n\t\t\t\t\tnov\t\t\t\t<\/span>\n\t\t\t<\/div>\n\t\t\t\t\t\t\t\t\t<\/div>\n\t\t\n\t\t<div class=\"wd-post-content article-body-container\">\n\t\t\t\t\t\t\t<div class=\"wd-post-cat wd-style-with-bg meta-post-categories\">\n\t\t\t\t\t<a href=\"https:\/\/www.borashockey.se\/category\/a-lag\/\" rel=\"category tag\">A-Lag<\/a>, <a href=\"https:\/\/www.borashockey.se\/category\/nyheter\/\" rel=\"category tag\">Klubbnyheter<\/a>\t\t\t\t<\/div>\n\t\t\t\n\t\t\t\t\t\t\t<h3 class=\"wd-post-title wd-entities-title title post-title\">\n\t\t\t\t\t<a href=\"https:\/\/www.borashockey.se\/a-lag\/vi-presenterar-ett-nyforvarv\/\" rel=\"bookmark\">Vi presenterar ett nyf\u00f6rv\u00e4rv!<\/a>\n\t\t\t\t<\/h3>\n\t\t\t\n\t\t\t\t\t\t\t<div class=\"wd-post-meta\">\n\t\t\t\t\t\t\t\t\t\t\t\t\t\t\t<div class=\"wd-post-author\">\n\t\t\t\t\t\t\t\t\t\t\t<span>Postat av<\/span>\n\t\t\n\t\t\t\t\t<img alt='author-avatar' src='https:\/\/secure.gravatar.com\/avatar\/dccacba083d8660da447ece9932da1a85ba9dcd1dd571800cb1478dbf909aa89?s=18&#038;d=mm&#038;r=g' srcset='https:\/\/secure.gravatar.com\/avatar\/dccacba083d8660da447ece9932da1a85ba9dcd1dd571800cb1478dbf909aa89?s=36&#038;d=mm&#038;r=g 2x' class='avatar avatar-18 photo' height='18' width='18' decoding='async'\/>\t\t\n\t\t\t\t\t<a href=\"https:\/\/www.borashockey.se\/author\/media-borashockeygmail-com\/\" class=\"author\" rel=\"author\">Josefine Gustavsson<\/a>\n\t\t\t\t\t\t\t\t\t<\/div>\n\t\t\t\t\t<div class=\"wd-modified-date\">\n\t\t\t\t\t\t\t\t<time class=\"updated\" datetime=\"2024-11-30T09:36:55+01:00\">\n\t\t\t2024-11-30\t\t<\/time>\n\t\t\t\t\t\t\t<\/div>\n\n\t\t\t\t\t\t\t\t\t\t\t<div class=\"wd-post-share wd-tltp\">\n\t\t\t\t\t\t\t<div class=\"tooltip top\">\n\t\t\t\t\t\t\t\t<div class=\"tooltip-inner\">\n\t\t\t\t\t\t\t\t\t\t\t\t<div\n\t\t\t\t\t\tclass=\" wd-social-icons  wd-style-default wd-size-small social-share wd-shape-circle color-scheme-light text-center\">\n\t\t\t\t\n\t\t\t\t\n\t\t\t\t\t\t\t\t\t<a rel=\"noopener noreferrer nofollow\" href=\"https:\/\/www.facebook.com\/sharer\/sharer.php?u=https:\/\/www.borashockey.se\/a-lag\/vi-presenterar-ett-nyforvarv\/\" target=\"_blank\" class=\" wd-social-icon social-facebook\" aria-label=\"Facebook social link\">\n\t\t\t\t\t\t<span class=\"wd-icon\"><\/span>\n\t\t\t\t\t\t\t\t\t\t\t<\/a>\n\t\t\t\t\n\t\t\t\t\t\t\t\t\t<a rel=\"noopener noreferrer nofollow\" href=\"https:\/\/x.com\/share?url=https:\/\/www.borashockey.se\/a-lag\/vi-presenterar-ett-nyforvarv\/\" target=\"_blank\" class=\" wd-social-icon social-twitter\" aria-label=\"X social link\">\n\t\t\t\t\t\t<span class=\"wd-icon\"><\/span>\n\t\t\t\t\t\t\t\t\t\t\t<\/a>\n\t\t\t\t\n\t\t\t\t\n\t\t\t\t\t\t\t\t\t<a rel=\"noopener noreferrer nofollow\" href=\"mailto:?subject=Kolla%20detta%20https:\/\/www.borashockey.se\/a-lag\/vi-presenterar-ett-nyforvarv\/\" target=\"_blank\" class=\" wd-social-icon social-email\" aria-label=\"Email social link\">\n\t\t\t\t\t\t<span class=\"wd-icon\"><\/span>\n\t\t\t\t\t\t\t\t\t\t\t<\/a>\n\t\t\t\t\n\t\t\t\t\n\t\t\t\t\n\t\t\t\t\n\t\t\t\t\n\t\t\t\t\n\t\t\t\t\n\t\t\t\t\n\t\t\t\t\n\t\t\t\t\n\t\t\t\t\n\t\t\t\t\n\t\t\t\t\n\t\t\t\t\n\t\t\t\t\n\t\t\t\t\n\t\t\t\t\n\t\t\t\t\n\t\t\t\t\n\t\t\t\t\n\t\t\t\t\n\t\t\t\t\n\t\t\t\t\n\t\t\t<\/div>\n\n\t\t\t\t\t\t\t\t\t\t<\/div>\n\t\t\t\t\t\t\t\t<div class=\"tooltip-arrow\"><\/div>\n\t\t\t\t\t\t\t<\/div>\n\t\t\t\t\t\t<\/div>\n\t\t\t\t\t\n\t\t\t\t\t\t\t\t\t<\/div>\n\t\t\t\n\t\t\t\t\t\t\t\t\t\t\t\t<div class=\"wd-post-excerpt entry-content\">\n\t\t\t\t\t\tEn av Hockeyettans b\u00e4sta i plus\/minus-statistiken i ligan, v\u00e4ljer Bor\u00e5s Hockey!\r\nVi kan med gl\u00e4dje meddela att...\t\t\t\t\t<\/div>\n\t\t\t\t\n\t\t\t\t\t\t\t\t\t\t\t\t\t\t<div class=\"wd-post-read-more wd-style-link read-more-section\">\n\t\t\t\t\t\t<a class=\"\" href=\"https:\/\/www.borashockey.se\/a-lag\/vi-presenterar-ett-nyforvarv\/\">Forts\u00e4tt l\u00e4sa<\/a>\t\t\t\t\t<\/div>\n\t\t\t\t\t\t\t\t\t\t\t\t\t<\/div>\n\t<\/div>\n<\/article>\n\n\t\t\t\t\t\t\t\t\t\t\t\n<article id=\"post-25264\" class=\"wd-post blog-design-default blog-post-loop blog-style-bg wd-add-shadow wd-col post-25264 post type-post status-publish format-standard has-post-thumbnail hentry category-a-lag category-nyheter\">\n\t<div class=\"wd-post-inner article-inner\">\n\t\t\t\t\t<div class=\"wd-post-thumb entry-header\">\n\t\t\t\t\t\t\t\t\t<div class=\"wd-post-img post-img-wrapp\">\n\t\t\t\t\t\t<img width=\"1024\" height=\"576\" src=\"https:\/\/www.borashockey.se\/wp-content\/uploads\/2024\/11\/IMG_8391-1024x576.jpeg\" class=\"attachment-large size-large\" alt=\"\" decoding=\"async\" srcset=\"https:\/\/www.borashockey.se\/wp-content\/uploads\/2024\/11\/IMG_8391-1024x576.jpeg 1024w, https:\/\/www.borashockey.se\/wp-content\/uploads\/2024\/11\/IMG_8391-550x309.jpeg 550w, https:\/\/www.borashockey.se\/wp-content\/uploads\/2024\/11\/IMG_8391-768x432.jpeg 768w, https:\/\/www.borashockey.se\/wp-content\/uploads\/2024\/11\/IMG_8391-1536x864.jpeg 1536w, https:\/\/www.borashockey.se\/wp-content\/uploads\/2024\/11\/IMG_8391-scaled.jpeg 2048w, https:\/\/www.borashockey.se\/wp-content\/uploads\/2024\/11\/IMG_8391-600x338.jpeg 600w, https:\/\/www.borashockey.se\/wp-content\/uploads\/2024\/11\/IMG_8391-1200x675.jpeg 1200w, https:\/\/www.borashockey.se\/wp-content\/uploads\/2024\/11\/IMG_8391-150x84.jpeg 150w\" sizes=\"(max-width: 1024px) 100vw, 1024px\" \/>\t\t\t\t\t<\/div>\n\t\t\t\t\t<a class=\"wd-fill\" href=\"https:\/\/www.borashockey.se\/a-lag\/infor-kvallens-fredagsmatch-grastorp-boras-hc\/\"><\/a>\n\t\t\t\t\n\t\t\t\t\t\t\t\t\t\t\t\t<div class=\"wd-post-date wd-style-with-bg\">\n\t\t\t\t<span class=\"post-date-day\">\n\t\t\t\t\t29\t\t\t\t<\/span>\n\t\t\t\t<span class=\"post-date-month\">\n\t\t\t\t\tnov\t\t\t\t<\/span>\n\t\t\t<\/div>\n\t\t\t\t\t\t\t\t\t<\/div>\n\t\t\n\t\t<div class=\"wd-post-content article-body-container\">\n\t\t\t\t\t\t\t<div class=\"wd-post-cat wd-style-with-bg meta-post-categories\">\n\t\t\t\t\t<a href=\"https:\/\/www.borashockey.se\/category\/a-lag\/\" rel=\"category tag\">A-Lag<\/a>, <a href=\"https:\/\/www.borashockey.se\/category\/nyheter\/\" rel=\"category tag\">Klubbnyheter<\/a>\t\t\t\t<\/div>\n\t\t\t\n\t\t\t\t\t\t\t<h3 class=\"wd-post-title wd-entities-title title post-title\">\n\t\t\t\t\t<a href=\"https:\/\/www.borashockey.se\/a-lag\/infor-kvallens-fredagsmatch-grastorp-boras-hc\/\" rel=\"bookmark\">Inf\u00f6r kv\u00e4llens fredagsmatch! Gr\u00e4storp &#8211; Bor\u00e5s HC<\/a>\n\t\t\t\t<\/h3>\n\t\t\t\n\t\t\t\t\t\t\t<div class=\"wd-post-meta\">\n\t\t\t\t\t\t\t\t\t\t\t\t\t\t\t<div class=\"wd-post-author\">\n\t\t\t\t\t\t\t\t\t\t\t<span>Postat av<\/span>\n\t\t\n\t\t\t\t\t<img alt='author-avatar' src='https:\/\/secure.gravatar.com\/avatar\/dccacba083d8660da447ece9932da1a85ba9dcd1dd571800cb1478dbf909aa89?s=18&#038;d=mm&#038;r=g' srcset='https:\/\/secure.gravatar.com\/avatar\/dccacba083d8660da447ece9932da1a85ba9dcd1dd571800cb1478dbf909aa89?s=36&#038;d=mm&#038;r=g 2x' class='avatar avatar-18 photo' height='18' width='18' decoding='async'\/>\t\t\n\t\t\t\t\t<a href=\"https:\/\/www.borashockey.se\/author\/media-borashockeygmail-com\/\" class=\"author\" rel=\"author\">Josefine Gustavsson<\/a>\n\t\t\t\t\t\t\t\t\t<\/div>\n\t\t\t\t\t<div class=\"wd-modified-date\">\n\t\t\t\t\t\t\t\t<time class=\"updated\" datetime=\"2024-11-29T16:11:58+01:00\">\n\t\t\t2024-11-29\t\t<\/time>\n\t\t\t\t\t\t\t<\/div>\n\n\t\t\t\t\t\t\t\t\t\t\t<div class=\"wd-post-share wd-tltp\">\n\t\t\t\t\t\t\t<div class=\"tooltip top\">\n\t\t\t\t\t\t\t\t<div class=\"tooltip-inner\">\n\t\t\t\t\t\t\t\t\t\t\t\t<div\n\t\t\t\t\t\tclass=\" wd-social-icons  wd-style-default wd-size-small social-share wd-shape-circle color-scheme-light text-center\">\n\t\t\t\t\n\t\t\t\t\n\t\t\t\t\t\t\t\t\t<a rel=\"noopener noreferrer nofollow\" href=\"https:\/\/www.facebook.com\/sharer\/sharer.php?u=https:\/\/www.borashockey.se\/a-lag\/infor-kvallens-fredagsmatch-grastorp-boras-hc\/\" target=\"_blank\" class=\" wd-social-icon social-facebook\" aria-label=\"Facebook social link\">\n\t\t\t\t\t\t<span class=\"wd-icon\"><\/span>\n\t\t\t\t\t\t\t\t\t\t\t<\/a>\n\t\t\t\t\n\t\t\t\t\t\t\t\t\t<a rel=\"noopener noreferrer nofollow\" href=\"https:\/\/x.com\/share?url=https:\/\/www.borashockey.se\/a-lag\/infor-kvallens-fredagsmatch-grastorp-boras-hc\/\" target=\"_blank\" class=\" wd-social-icon social-twitter\" aria-label=\"X social link\">\n\t\t\t\t\t\t<span class=\"wd-icon\"><\/span>\n\t\t\t\t\t\t\t\t\t\t\t<\/a>\n\t\t\t\t\n\t\t\t\t\n\t\t\t\t\t\t\t\t\t<a rel=\"noopener noreferrer nofollow\" href=\"mailto:?subject=Kolla%20detta%20https:\/\/www.borashockey.se\/a-lag\/infor-kvallens-fredagsmatch-grastorp-boras-hc\/\" target=\"_blank\" class=\" wd-social-icon social-email\" aria-label=\"Email social link\">\n\t\t\t\t\t\t<span class=\"wd-icon\"><\/span>\n\t\t\t\t\t\t\t\t\t\t\t<\/a>\n\t\t\t\t\n\t\t\t\t\n\t\t\t\t\n\t\t\t\t\n\t\t\t\t\n\t\t\t\t\n\t\t\t\t\n\t\t\t\t\n\t\t\t\t\n\t\t\t\t\n\t\t\t\t\n\t\t\t\t\n\t\t\t\t\n\t\t\t\t\n\t\t\t\t\n\t\t\t\t\n\t\t\t\t\n\t\t\t\t\n\t\t\t\t\n\t\t\t\t\n\t\t\t\t\n\t\t\t\t\n\t\t\t\t\n\t\t\t<\/div>\n\n\t\t\t\t\t\t\t\t\t\t<\/div>\n\t\t\t\t\t\t\t\t<div class=\"tooltip-arrow\"><\/div>\n\t\t\t\t\t\t\t<\/div>\n\t\t\t\t\t\t<\/div>\n\t\t\t\t\t\n\t\t\t\t\t\t\t\t\t<\/div>\n\t\t\t\n\t\t\t\t\t\t\t\t\t\t\t\t<div class=\"wd-post-excerpt entry-content\">\n\t\t\t\t\t\tNu har det blivit dags f\u00f6r match igen!\r\nKan BHC hitta tillbaka till sitt anfallsspel och f\u00e5 m\u00e5lskyttet att los...\t\t\t\t\t<\/div>\n\t\t\t\t\n\t\t\t\t\t\t\t\t\t\t\t\t\t\t<div class=\"wd-post-read-more wd-style-link read-more-section\">\n\t\t\t\t\t\t<a class=\"\" href=\"https:\/\/www.borashockey.se\/a-lag\/infor-kvallens-fredagsmatch-grastorp-boras-hc\/\">Forts\u00e4tt l\u00e4sa<\/a>\t\t\t\t\t<\/div>\n\t\t\t\t\t\t\t\t\t\t\t\t\t<\/div>\n\t<\/div>\n<\/article>\n\n\t\t\t\t\t\t\t\t\t\t\t\n<article id=\"post-25210\" class=\"wd-post blog-design-default blog-post-loop blog-style-bg wd-add-shadow wd-col post-25210 post type-post status-publish format-standard has-post-thumbnail hentry category-a-lag category-nyheter\">\n\t<div class=\"wd-post-inner article-inner\">\n\t\t\t\t\t<div class=\"wd-post-thumb entry-header\">\n\t\t\t\t\t\t\t\t\t<div class=\"wd-post-img post-img-wrapp\">\n\t\t\t\t\t\t<img width=\"1024\" height=\"576\" src=\"https:\/\/www.borashockey.se\/wp-content\/uploads\/2024\/11\/unnamed-29-1024x576.jpg\" class=\"attachment-large size-large\" alt=\"\" decoding=\"async\" srcset=\"https:\/\/www.borashockey.se\/wp-content\/uploads\/2024\/11\/unnamed-29-1024x576.jpg 1024w, https:\/\/www.borashockey.se\/wp-content\/uploads\/2024\/11\/unnamed-29-550x309.jpg 550w, https:\/\/www.borashockey.se\/wp-content\/uploads\/2024\/11\/unnamed-29-768x432.jpg 768w, https:\/\/www.borashockey.se\/wp-content\/uploads\/2024\/11\/unnamed-29-1536x864.jpg 1536w, https:\/\/www.borashockey.se\/wp-content\/uploads\/2024\/11\/unnamed-29-scaled.jpg 2048w, https:\/\/www.borashockey.se\/wp-content\/uploads\/2024\/11\/unnamed-29-600x338.jpg 600w, https:\/\/www.borashockey.se\/wp-content\/uploads\/2024\/11\/unnamed-29-1200x675.jpg 1200w, https:\/\/www.borashockey.se\/wp-content\/uploads\/2024\/11\/unnamed-29-150x84.jpg 150w\" sizes=\"(max-width: 1024px) 100vw, 1024px\" \/>\t\t\t\t\t<\/div>\n\t\t\t\t\t<a class=\"wd-fill\" href=\"https:\/\/www.borashockey.se\/a-lag\/infor-matchen-och-viktig-truppinformation-tranas-hockey-boras-hc\/\"><\/a>\n\t\t\t\t\n\t\t\t\t\t\t\t\t\t\t\t\t<div class=\"wd-post-date wd-style-with-bg\">\n\t\t\t\t<span class=\"post-date-day\">\n\t\t\t\t\t22\t\t\t\t<\/span>\n\t\t\t\t<span class=\"post-date-month\">\n\t\t\t\t\tnov\t\t\t\t<\/span>\n\t\t\t<\/div>\n\t\t\t\t\t\t\t\t\t<\/div>\n\t\t\n\t\t<div class=\"wd-post-content article-body-container\">\n\t\t\t\t\t\t\t<div class=\"wd-post-cat wd-style-with-bg meta-post-categories\">\n\t\t\t\t\t<a href=\"https:\/\/www.borashockey.se\/category\/a-lag\/\" rel=\"category tag\">A-Lag<\/a>, <a href=\"https:\/\/www.borashockey.se\/category\/nyheter\/\" rel=\"category tag\">Klubbnyheter<\/a>\t\t\t\t<\/div>\n\t\t\t\n\t\t\t\t\t\t\t<h3 class=\"wd-post-title wd-entities-title title post-title\">\n\t\t\t\t\t<a href=\"https:\/\/www.borashockey.se\/a-lag\/infor-matchen-och-viktig-truppinformation-tranas-hockey-boras-hc\/\" rel=\"bookmark\">Inf\u00f6r matchen och viktig truppinformation: Tran\u00e5s Hockey &#8211; Bor\u00e5s HC<\/a>\n\t\t\t\t<\/h3>\n\t\t\t\n\t\t\t\t\t\t\t<div class=\"wd-post-meta\">\n\t\t\t\t\t\t\t\t\t\t\t\t\t\t\t<div class=\"wd-post-author\">\n\t\t\t\t\t\t\t\t\t\t\t<span>Postat av<\/span>\n\t\t\n\t\t\t\t\t<img alt='author-avatar' src='https:\/\/secure.gravatar.com\/avatar\/dccacba083d8660da447ece9932da1a85ba9dcd1dd571800cb1478dbf909aa89?s=18&#038;d=mm&#038;r=g' srcset='https:\/\/secure.gravatar.com\/avatar\/dccacba083d8660da447ece9932da1a85ba9dcd1dd571800cb1478dbf909aa89?s=36&#038;d=mm&#038;r=g 2x' class='avatar avatar-18 photo' height='18' width='18' decoding='async'\/>\t\t\n\t\t\t\t\t<a href=\"https:\/\/www.borashockey.se\/author\/media-borashockeygmail-com\/\" class=\"author\" rel=\"author\">Josefine Gustavsson<\/a>\n\t\t\t\t\t\t\t\t\t<\/div>\n\t\t\t\t\t<div class=\"wd-modified-date\">\n\t\t\t\t\t\t\t\t<time class=\"updated\" datetime=\"2024-11-22T13:41:36+01:00\">\n\t\t\t2024-11-22\t\t<\/time>\n\t\t\t\t\t\t\t<\/div>\n\n\t\t\t\t\t\t\t\t\t\t\t<div class=\"wd-post-share wd-tltp\">\n\t\t\t\t\t\t\t<div class=\"tooltip top\">\n\t\t\t\t\t\t\t\t<div class=\"tooltip-inner\">\n\t\t\t\t\t\t\t\t\t\t\t\t<div\n\t\t\t\t\t\tclass=\" wd-social-icons  wd-style-default wd-size-small social-share wd-shape-circle color-scheme-light text-center\">\n\t\t\t\t\n\t\t\t\t\n\t\t\t\t\t\t\t\t\t<a rel=\"noopener noreferrer nofollow\" href=\"https:\/\/www.facebook.com\/sharer\/sharer.php?u=https:\/\/www.borashockey.se\/a-lag\/infor-matchen-och-viktig-truppinformation-tranas-hockey-boras-hc\/\" target=\"_blank\" class=\" wd-social-icon social-facebook\" aria-label=\"Facebook social link\">\n\t\t\t\t\t\t<span class=\"wd-icon\"><\/span>\n\t\t\t\t\t\t\t\t\t\t\t<\/a>\n\t\t\t\t\n\t\t\t\t\t\t\t\t\t<a rel=\"noopener noreferrer nofollow\" href=\"https:\/\/x.com\/share?url=https:\/\/www.borashockey.se\/a-lag\/infor-matchen-och-viktig-truppinformation-tranas-hockey-boras-hc\/\" target=\"_blank\" class=\" wd-social-icon social-twitter\" aria-label=\"X social link\">\n\t\t\t\t\t\t<span class=\"wd-icon\"><\/span>\n\t\t\t\t\t\t\t\t\t\t\t<\/a>\n\t\t\t\t\n\t\t\t\t\n\t\t\t\t\t\t\t\t\t<a rel=\"noopener noreferrer nofollow\" href=\"mailto:?subject=Kolla%20detta%20https:\/\/www.borashockey.se\/a-lag\/infor-matchen-och-viktig-truppinformation-tranas-hockey-boras-hc\/\" target=\"_blank\" class=\" wd-social-icon social-email\" aria-label=\"Email social link\">\n\t\t\t\t\t\t<span class=\"wd-icon\"><\/span>\n\t\t\t\t\t\t\t\t\t\t\t<\/a>\n\t\t\t\t\n\t\t\t\t\n\t\t\t\t\n\t\t\t\t\n\t\t\t\t\n\t\t\t\t\n\t\t\t\t\n\t\t\t\t\n\t\t\t\t\n\t\t\t\t\n\t\t\t\t\n\t\t\t\t\n\t\t\t\t\n\t\t\t\t\n\t\t\t\t\n\t\t\t\t\n\t\t\t\t\n\t\t\t\t\n\t\t\t\t\n\t\t\t\t\n\t\t\t\t\n\t\t\t\t\n\t\t\t\t\n\t\t\t<\/div>\n\n\t\t\t\t\t\t\t\t\t\t<\/div>\n\t\t\t\t\t\t\t\t<div class=\"tooltip-arrow\"><\/div>\n\t\t\t\t\t\t\t<\/div>\n\t\t\t\t\t\t<\/div>\n\t\t\t\t\t\n\t\t\t\t\t\t\t\t\t<\/div>\n\t\t\t\n\t\t\t\t\t\t\t\t\t\t\t\t<div class=\"wd-post-excerpt entry-content\">\n\t\t\t\t\t\tIkv\u00e4ll \u00e4r det en riktigt tuff match p\u00e5 bortaplan!\r\nTran\u00e5s, som st\u00e5r inf\u00f6r motst\u00e5ndet, \u00e4r i behov av alla po\u00e4ng...\t\t\t\t\t<\/div>\n\t\t\t\t\n\t\t\t\t\t\t\t\t\t\t\t\t\t\t<div class=\"wd-post-read-more wd-style-link read-more-section\">\n\t\t\t\t\t\t<a class=\"\" href=\"https:\/\/www.borashockey.se\/a-lag\/infor-matchen-och-viktig-truppinformation-tranas-hockey-boras-hc\/\">Forts\u00e4tt l\u00e4sa<\/a>\t\t\t\t\t<\/div>\n\t\t\t\t\t\t\t\t\t\t\t\t\t<\/div>\n\t<\/div>\n<\/article>\n\n\t\t\t\t\t\t\t\t\t\t\t\n<article id=\"post-25179\" class=\"wd-post blog-design-default blog-post-loop blog-style-bg wd-add-shadow wd-col post-25179 post type-post status-publish format-standard has-post-thumbnail hentry category-a-lag category-nyheter\">\n\t<div class=\"wd-post-inner article-inner\">\n\t\t\t\t\t<div class=\"wd-post-thumb entry-header\">\n\t\t\t\t\t\t\t\t\t<div class=\"wd-post-img post-img-wrapp\">\n\t\t\t\t\t\t<img width=\"1024\" height=\"576\" src=\"https:\/\/www.borashockey.se\/wp-content\/uploads\/2024\/11\/IMG_8180-1024x576.jpeg\" class=\"attachment-large size-large\" alt=\"\" decoding=\"async\" srcset=\"https:\/\/www.borashockey.se\/wp-content\/uploads\/2024\/11\/IMG_8180-1024x576.jpeg 1024w, https:\/\/www.borashockey.se\/wp-content\/uploads\/2024\/11\/IMG_8180-550x309.jpeg 550w, https:\/\/www.borashockey.se\/wp-content\/uploads\/2024\/11\/IMG_8180-768x432.jpeg 768w, https:\/\/www.borashockey.se\/wp-content\/uploads\/2024\/11\/IMG_8180-1536x864.jpeg 1536w, https:\/\/www.borashockey.se\/wp-content\/uploads\/2024\/11\/IMG_8180-600x338.jpeg 600w, https:\/\/www.borashockey.se\/wp-content\/uploads\/2024\/11\/IMG_8180-1200x675.jpeg 1200w, https:\/\/www.borashockey.se\/wp-content\/uploads\/2024\/11\/IMG_8180-150x84.jpeg 150w, https:\/\/www.borashockey.se\/wp-content\/uploads\/2024\/11\/IMG_8180.jpeg 1920w\" sizes=\"(max-width: 1024px) 100vw, 1024px\" \/>\t\t\t\t\t<\/div>\n\t\t\t\t\t<a class=\"wd-fill\" href=\"https:\/\/www.borashockey.se\/a-lag\/gratismatch-info-om-biljetter-boras-hc-falu-if\/\"><\/a>\n\t\t\t\t\n\t\t\t\t\t\t\t\t\t\t\t\t<div class=\"wd-post-date wd-style-with-bg\">\n\t\t\t\t<span class=\"post-date-day\">\n\t\t\t\t\t17\t\t\t\t<\/span>\n\t\t\t\t<span class=\"post-date-month\">\n\t\t\t\t\tnov\t\t\t\t<\/span>\n\t\t\t<\/div>\n\t\t\t\t\t\t\t\t\t<\/div>\n\t\t\n\t\t<div class=\"wd-post-content article-body-container\">\n\t\t\t\t\t\t\t<div class=\"wd-post-cat wd-style-with-bg meta-post-categories\">\n\t\t\t\t\t<a href=\"https:\/\/www.borashockey.se\/category\/a-lag\/\" rel=\"category tag\">A-Lag<\/a>, <a href=\"https:\/\/www.borashockey.se\/category\/nyheter\/\" rel=\"category tag\">Klubbnyheter<\/a>\t\t\t\t<\/div>\n\t\t\t\n\t\t\t\t\t\t\t<h3 class=\"wd-post-title wd-entities-title title post-title\">\n\t\t\t\t\t<a href=\"https:\/\/www.borashockey.se\/a-lag\/gratismatch-info-om-biljetter-boras-hc-falu-if\/\" rel=\"bookmark\">GRATISMATCH! Info om biljetter! Bor\u00e5s HC &#8211; Falu IF<\/a>\n\t\t\t\t<\/h3>\n\t\t\t\n\t\t\t\t\t\t\t<div class=\"wd-post-meta\">\n\t\t\t\t\t\t\t\t\t\t\t\t\t\t\t<div class=\"wd-post-author\">\n\t\t\t\t\t\t\t\t\t\t\t<span>Postat av<\/span>\n\t\t\n\t\t\t\t\t<img alt='author-avatar' src='https:\/\/secure.gravatar.com\/avatar\/dccacba083d8660da447ece9932da1a85ba9dcd1dd571800cb1478dbf909aa89?s=18&#038;d=mm&#038;r=g' srcset='https:\/\/secure.gravatar.com\/avatar\/dccacba083d8660da447ece9932da1a85ba9dcd1dd571800cb1478dbf909aa89?s=36&#038;d=mm&#038;r=g 2x' class='avatar avatar-18 photo' height='18' width='18' decoding='async'\/>\t\t\n\t\t\t\t\t<a href=\"https:\/\/www.borashockey.se\/author\/media-borashockeygmail-com\/\" class=\"author\" rel=\"author\">Josefine Gustavsson<\/a>\n\t\t\t\t\t\t\t\t\t<\/div>\n\t\t\t\t\t<div class=\"wd-modified-date\">\n\t\t\t\t\t\t\t\t<time class=\"updated\" datetime=\"2024-11-17T14:09:15+01:00\">\n\t\t\t2024-11-17\t\t<\/time>\n\t\t\t\t\t\t\t<\/div>\n\n\t\t\t\t\t\t\t\t\t\t\t<div class=\"wd-post-share wd-tltp\">\n\t\t\t\t\t\t\t<div class=\"tooltip top\">\n\t\t\t\t\t\t\t\t<div class=\"tooltip-inner\">\n\t\t\t\t\t\t\t\t\t\t\t\t<div\n\t\t\t\t\t\tclass=\" wd-social-icons  wd-style-default wd-size-small social-share wd-shape-circle color-scheme-light text-center\">\n\t\t\t\t\n\t\t\t\t\n\t\t\t\t\t\t\t\t\t<a rel=\"noopener noreferrer nofollow\" href=\"https:\/\/www.facebook.com\/sharer\/sharer.php?u=https:\/\/www.borashockey.se\/a-lag\/gratismatch-info-om-biljetter-boras-hc-falu-if\/\" target=\"_blank\" class=\" wd-social-icon social-facebook\" aria-label=\"Facebook social link\">\n\t\t\t\t\t\t<span class=\"wd-icon\"><\/span>\n\t\t\t\t\t\t\t\t\t\t\t<\/a>\n\t\t\t\t\n\t\t\t\t\t\t\t\t\t<a rel=\"noopener noreferrer nofollow\" href=\"https:\/\/x.com\/share?url=https:\/\/www.borashockey.se\/a-lag\/gratismatch-info-om-biljetter-boras-hc-falu-if\/\" target=\"_blank\" class=\" wd-social-icon social-twitter\" aria-label=\"X social link\">\n\t\t\t\t\t\t<span class=\"wd-icon\"><\/span>\n\t\t\t\t\t\t\t\t\t\t\t<\/a>\n\t\t\t\t\n\t\t\t\t\n\t\t\t\t\t\t\t\t\t<a rel=\"noopener noreferrer nofollow\" href=\"mailto:?subject=Kolla%20detta%20https:\/\/www.borashockey.se\/a-lag\/gratismatch-info-om-biljetter-boras-hc-falu-if\/\" target=\"_blank\" class=\" wd-social-icon social-email\" aria-label=\"Email social link\">\n\t\t\t\t\t\t<span class=\"wd-icon\"><\/span>\n\t\t\t\t\t\t\t\t\t\t\t<\/a>\n\t\t\t\t\n\t\t\t\t\n\t\t\t\t\n\t\t\t\t\n\t\t\t\t\n\t\t\t\t\n\t\t\t\t\n\t\t\t\t\n\t\t\t\t\n\t\t\t\t\n\t\t\t\t\n\t\t\t\t\n\t\t\t\t\n\t\t\t\t\n\t\t\t\t\n\t\t\t\t\n\t\t\t\t\n\t\t\t\t\n\t\t\t\t\n\t\t\t\t\n\t\t\t\t\n\t\t\t\t\n\t\t\t\t\n\t\t\t<\/div>\n\n\t\t\t\t\t\t\t\t\t\t<\/div>\n\t\t\t\t\t\t\t\t<div class=\"tooltip-arrow\"><\/div>\n\t\t\t\t\t\t\t<\/div>\n\t\t\t\t\t\t<\/div>\n\t\t\t\t\t\n\t\t\t\t\t\t\t\t\t<\/div>\n\t\t\t\n\t\t\t\t\t\t\t\t\t\t\t\t<div class=\"wd-post-excerpt entry-content\">\n\t\t\t\t\t\t\u00c4ntligen har det blivit dags f\u00f6r h\u00f6stens gratismatch!\r\nDet ser ut att bli en riktig publikfest i Lejonkulan d\u00e5...\t\t\t\t\t<\/div>\n\t\t\t\t\n\t\t\t\t\t\t\t\t\t\t\t\t\t\t<div class=\"wd-post-read-more wd-style-link read-more-section\">\n\t\t\t\t\t\t<a class=\"\" href=\"https:\/\/www.borashockey.se\/a-lag\/gratismatch-info-om-biljetter-boras-hc-falu-if\/\">Forts\u00e4tt l\u00e4sa<\/a>\t\t\t\t\t<\/div>\n\t\t\t\t\t\t\t\t\t\t\t\t\t<\/div>\n\t<\/div>\n<\/article>\n\n\t\t\t\t\t\n\t\t\t\t\t","status":"have-posts","nextPage":"https:\/\/www.borashockey.se\/author\/media-borashockeygmail-com\/page\/11\/?woo_ajax=1","currentPage":"https:\/\/www.borashockey.se\/author\/media-borashockeygmail-com\/page\/10"}